{"id":263882,"date":"2019-04-03T12:00:38","date_gmt":"2019-04-03T10:00:38","guid":{"rendered":"http:\/\/www.pcnen.com\/portal\/?p=263882"},"modified":"2019-04-03T13:10:38","modified_gmt":"2019-04-03T11:10:38","slug":"studenti-prekinuli-predavanje-haskog-osudenika","status":"publish","type":"post","link":"https:\/\/www.pcnen.com\/portal\/2019\/04\/03\/studenti-prekinuli-predavanje-haskog-osudenika\/","title":{"rendered":"Studenti prekinuli predavanje ha\u0161kog osu\u0111enika"},"content":{"rendered":"<p><img loading=\"lazy\" decoding=\"async\" class=\"alignright size-full wp-image-149904\" src=\"http:\/\/www.pcnen.com\/portal\/wp-content\/uploads\/2014\/06\/kordic_.jpg\" alt=\"\" width=\"300\" height=\"220\" \/>Predavanje o vjeri u Zagrebu na kojem je govorio ha\u0161ki osu\u0111enik Dario Kordi\u0107 prekinula je grupa studenata povicima da je Kordi\u0107 ratni zlo\u010dinac.<\/p>\n<p>Grupa mladih je na ju\u010de odr\u017eanom skupu u zagreba\u010dkom Studentskom domu &#8220;Stjepan Radi\u0107&#8221; unijela i transparent koji im je oduzet, <a href=\"https:\/\/www.24sata.hr\/news\/video-pogledajte-upad-mladih-na-kordicevo-izlaganje-o-vjeri-622525\">prenosi 24sata.hr. <\/a><\/p>\n<p>Kordi\u0107a je na kaznu od 25 godina zatvora osudio Me\u0111unarodni sud za ratne zlo\u010dine po\u010dinjene na podru\u010dju biv\u0161e Jugoslavije (MKSJ), izme\u0111u ostalih, i za zlo\u010din po\u010dinjen u selu Ahmi\u0107i 16. aprila 1993. godine kada je ubijeno vi\u0161e od stotinu bo\u0161nja\u010dkih civila.<\/p>\n<p>Kordi\u0107 je bio jedan od zapovjednika te akcije HVO.<\/p>\n<p>Oslobo\u0111en je 2014. godine nakon \u0161to je dvije tre\u0107ine kazne odslu\u017eio u Austriji.<\/p>\n<p>Kordi\u0107 je na predavanju rekao kako je &#8220;spoznao Boga&#8221; dok je 17 godina bio u zatvoru.<\/p>\n","protected":false},"excerpt":{"rendered":"<p>Predavanje o vjeri u Zagrebu na kojem je govorio ha\u0161ki osu\u0111enik Dario Kordi\u0107 prekinula je grupa studenata povicima da je Kordi\u0107 ratni zlo\u010dinac. Grupa mladih je na ju\u010de odr\u017eanom skupu u zagreba\u010dkom Studentskom domu &#8220;Stjepan Radi\u0107&#8221; unijela i transparent koji im je oduzet, prenosi 24sata.hr. Kordi\u0107a je na kaznu od 25 godina zatvora osudio Me\u0111unarodni [&hellip;]<\/p>\n","protected":false},"author":1,"featured_media":0,"comment_status":"open","ping_status":"closed","sticky":false,"template":"","format":"standard","meta":{"_seopress_robots_primary_cat":"","_seopress_titles_title":"","_seopress_titles_desc":"","_seopress_robots_index":"","_et_pb_use_builder":"","_et_pb_old_content":"","_et_gb_content_width":"","inline_featured_image":false,"footnotes":""},"categories":[14,12],"tags":[],"class_list":["post-263882","post","type-post","status-publish","format-standard","hentry","category-vijesti","category-prica-dana"],"_links":{"self":[{"href":"https:\/\/www.pcnen.com\/portal\/wp-json\/wp\/v2\/posts\/263882","targetHints":{"allow":["GET"]}}],"collection":[{"href":"https:\/\/www.pcnen.com\/portal\/wp-json\/wp\/v2\/posts"}],"about":[{"href":"https:\/\/www.pcnen.com\/portal\/wp-json\/wp\/v2\/types\/post"}],"author":[{"embeddable":true,"href":"https:\/\/www.pcnen.com\/portal\/wp-json\/wp\/v2\/users\/1"}],"replies":[{"embeddable":true,"href":"https:\/\/www.pcnen.com\/portal\/wp-json\/wp\/v2\/comments?post=263882"}],"version-history":[{"count":0,"href":"https:\/\/www.pcnen.com\/portal\/wp-json\/wp\/v2\/posts\/263882\/revisions"}],"wp:attachment":[{"href":"https:\/\/www.pcnen.com\/portal\/wp-json\/wp\/v2\/media?parent=263882"}],"wp:term":[{"taxonomy":"category","embeddable":true,"href":"https:\/\/www.pcnen.com\/portal\/wp-json\/wp\/v2\/categories?post=263882"},{"taxonomy":"post_tag","embeddable":true,"href":"https:\/\/www.pcnen.com\/portal\/wp-json\/wp\/v2\/tags?post=263882"}],"curies":[{"name":"wp","href":"https:\/\/api.w.org\/{rel}","templated":true}]}}