{"id":263855,"date":"2019-04-02T16:26:27","date_gmt":"2019-04-02T14:26:27","guid":{"rendered":"http:\/\/www.pcnen.com\/portal\/?p=263855"},"modified":"2019-04-02T19:25:54","modified_gmt":"2019-04-02T17:25:54","slug":"papa-priznati-istoriju-muske-dominacije","status":"publish","type":"post","link":"https:\/\/www.pcnen.com\/portal\/2019\/04\/02\/papa-priznati-istoriju-muske-dominacije\/","title":{"rendered":"Papa: Priznati istoriju mu\u0161ke dominacije"},"content":{"rendered":"<p><img loading=\"lazy\" decoding=\"async\" src=\"http:\/\/www.pcnen.com\/portal\/wp-content\/uploads\/2013\/05\/Papa-Franjo-300x211.jpg\" alt=\"\" width=\"300\" height=\"211\" class=\"alignright size-medium wp-image-114176\" \/>Rimokatoli\u010dka crkva mora da prizna istoriju mu\u0161ke dominacije i seksualnog zlostavljanja \u017eena i djece i da popravi svoj ugled me\u0111u mladima ili rizikuje da postane &#8220;muzej&#8221;, izjavio je poglavar katoli\u010dke crkve papa Franjo.<\/p>\n<p>Komentari\u0161u\u0107i niz skandala, on je u dokumentu kojim se djelimi\u010dno priznaju neuspjesi sve\u0161tenstva rekao da se crkva &#8220;ne mo\u017ee saglasiti sa svim \u0161to predlo\u017ee pojedine feministi\u010dke grupe&#8221;, aludiraju\u0107i na zabranu \u017eenama da budu katoli\u010dki sve\u0161tenici.<\/p>\n<p>Papa je rekao da crkva mo\u017ee da podr\u017ei poziv na po\u0161tovanje prava \u017eena i ponudi podr\u0161ku u ve\u0107oj proporcionalnosti izme\u0111u mu\u0161karaca i \u017eena, ali da se ne mo\u017ee saglasiti sa svim \u0161to predla\u017eu pojedine feministi\u010dke grupe, prenosi Srna.<\/p>\n<p>Pojedine grupe \u017eena pozvale su na anga\u017eovanje \u017eena kao sve\u0161tenika, \u0161to je crkva odbacila, pozivaju\u0107i se na to \u0161to je Isus Hristos izabrao samo mu\u0161karce za svoje apostole.<\/p>\n<p>Papa je suo\u010den sa kritikama zbog reakcije crkve na vi\u0161edecenijsku krizu zbog seksualnog zlostavljanja, koja je nanijela veliku \u0161tetu poziciji Katoli\u010dke crkve \u0161irom svijeta, kao i finansijsku \u0161tetu u milijardama dolara usljed pla\u0107enih kompenzacija.<\/p>\n<p>Katoli\u010dki poglavar iznio je svoj komentar u dokumentu od 50 strana pod nazivom &#8220;Apostolsko podsticanje&#8221;, u kojem je naveden osvrt na jednomjese\u010dni sastanak biskupa u oktobru na temu uloge mladih u crkvi koja ima 1,3 milijarde \u010dlanova.<\/p>\n<p>&#8220;Crkva mo\u017ee da pogleda nazad u istoriju i prizna veliki dio mu\u0161kog autoritarizma, dominacije, raznih oblika porobljavanja, kao i zlostavljanja i seksisti\u010dkog nasilja&#8221;, rekao je papa Franjo.<\/p>\n<p>On je pozvao mlade da ne budu razo\u010darani skandalom u vezi sa seksualnim zlostavljanjem koje je \u010dinilo sve\u0161tenstvo, ve\u0107 da rade sa velikom ve\u0107inom sve\u0161tenika i drugih \u010dlanova sve\u0161tenstva koji su ostali vjerni svom pozivu.<\/p>\n","protected":false},"excerpt":{"rendered":"<p>Rimokatoli\u010dka crkva mora da prizna istoriju mu\u0161ke dominacije i seksualnog zlostavljanja \u017eena i djece i da popravi svoj ugled me\u0111u mladima ili rizikuje da postane &#8220;muzej&#8221;, izjavio je poglavar katoli\u010dke crkve papa Franjo. Komentari\u0161u\u0107i niz skandala, on je u dokumentu kojim se djelimi\u010dno priznaju neuspjesi sve\u0161tenstva rekao da se crkva &#8220;ne mo\u017ee saglasiti sa svim [&hellip;]<\/p>\n","protected":false},"author":1,"featured_media":0,"comment_status":"open","ping_status":"closed","sticky":false,"template":"","format":"standard","meta":{"_seopress_robots_primary_cat":"","_seopress_titles_title":"","_seopress_titles_desc":"","_seopress_robots_index":"","_et_pb_use_builder":"","_et_pb_old_content":"","_et_gb_content_width":"","inline_featured_image":false,"footnotes":""},"categories":[14,12],"tags":[],"class_list":["post-263855","post","type-post","status-publish","format-standard","hentry","category-vijesti","category-prica-dana"],"_links":{"self":[{"href":"https:\/\/www.pcnen.com\/portal\/wp-json\/wp\/v2\/posts\/263855","targetHints":{"allow":["GET"]}}],"collection":[{"href":"https:\/\/www.pcnen.com\/portal\/wp-json\/wp\/v2\/posts"}],"about":[{"href":"https:\/\/www.pcnen.com\/portal\/wp-json\/wp\/v2\/types\/post"}],"author":[{"embeddable":true,"href":"https:\/\/www.pcnen.com\/portal\/wp-json\/wp\/v2\/users\/1"}],"replies":[{"embeddable":true,"href":"https:\/\/www.pcnen.com\/portal\/wp-json\/wp\/v2\/comments?post=263855"}],"version-history":[{"count":0,"href":"https:\/\/www.pcnen.com\/portal\/wp-json\/wp\/v2\/posts\/263855\/revisions"}],"wp:attachment":[{"href":"https:\/\/www.pcnen.com\/portal\/wp-json\/wp\/v2\/media?parent=263855"}],"wp:term":[{"taxonomy":"category","embeddable":true,"href":"https:\/\/www.pcnen.com\/portal\/wp-json\/wp\/v2\/categories?post=263855"},{"taxonomy":"post_tag","embeddable":true,"href":"https:\/\/www.pcnen.com\/portal\/wp-json\/wp\/v2\/tags?post=263855"}],"curies":[{"name":"wp","href":"https:\/\/api.w.org\/{rel}","templated":true}]}}