{"id":26385,"date":"2008-10-18T15:49:10","date_gmt":"2008-10-18T15:49:10","guid":{"rendered":"http:\/\/www.pcnen.com\/portal\/?p=26385"},"modified":"2008-10-18T15:49:10","modified_gmt":"2008-10-18T15:49:10","slug":"bjelopoljci-krenuli-pjeske-da-posjete-mandica","status":"publish","type":"post","link":"https:\/\/www.pcnen.com\/portal\/2008\/10\/18\/bjelopoljci-krenuli-pjeske-da-posjete-mandica\/","title":{"rendered":"Bjelopoljci krenuli pje\u0161ke da posjete Mandi\u0107a"},"content":{"rendered":"<p>Potpredsjednik Srpske narodne stranke i poslanik u Skup&scaron;tini Crne Gore Goran Danilovi\u0107 saop&scaron;tio je danas da je vi&scaron;e desetina gra\u0111ana Bjelog Polja krenulo danas pje&scaron;ice u Podgoricu da posjete Mandi\u0107a.<\/p>\n<p>Njihov dolazak u Podgoricu, rekao je Danilovi\u0107, mo\u017ee se o\u010dekivati u ponedjeljak, 20. oktobra, jer Mandi\u0107eve pristalice moraju da pre\u0111u vi&scaron;e od 150 kilometara.<\/p>\n<p>&quot;Zahvaljujemo tim ljudima koji na pravi na\u010din shvataju i razumiju poruku koju, u ime opozicije, &scaron;alje Andrija Mandi\u0107, jer samo demokratskim na\u010dinom mo\u017eemo u\u010diniti Crnu Goru druga\u010dijom, da bude u skladu sa \u017eeljom ve\u0107ine gra\u0111ana, demokratska, slobodna i da pripada svima&quot;, naglasio je Danilovi\u0107.<\/p>\n<p>On je dodao da \u0107e dolazak i posjetu Mandi\u0107u u Podgoricu organizovati i \u010dlanovi i simpatizeri SNS i Srpske liste iz Bara i Nik&scaron;i\u0107a.<\/p>\n<p>&quot;Oni \u0107e na put krenuti najvjerovatnije sjutra sa \u017eeljom da svojim dolaskom daju doprinos za slobodu i dostojanstvo Crne Gore&quot;, naglasio je Danilovi\u0107.<\/p>\n<p>Danilovii\u0107 je pozvao \u010delne ljude u MUP-u i Upravi policije da omogu\u0107e ljudima, koji su krenuli pje&scaron;ice iz Bijelog Polja i onima koji \u0107e sjutra krenuti iz Bara i Nik&scaron;i\u0107a, da sigurno i bezbijedno do\u0111u do Podgorice.<\/p>\n<p>Prema njegovim rije\u010dima, predsjednik Skup&scaron;tine Crne Gore Ranko Krivokapi\u0107 je jedini politi\u010dar iz vlasti koji se raspitivao za Mandi\u0107evo zdravstveno stanje.<\/p>\n<p>Lider SNS Andrija Mandi\u0107 nastavlja tokom vikenda &scaron;trajk gla\u0111u u prostorijama poslani\u010dkog kluba Srpske liste zbog odluke Vlade Crne Gore da prizna nezavisnost Kosova i ne\u0107e napu&scaron;tati zgradu crnogorske Skup&scaron;tine.<\/p>\n<p>Mandi\u0107 je prva dva dana &scaron;trajka proveo u automobilu ispred zgrade Skup&scaron;tine, a u srijedu, 15. oktobra, u&scaron;ao je u poslani\u010dki klub svoje stranke i od tada nije napu&scaron;tao zgradu crnogorskog parlamenta.<\/p>\n","protected":false},"excerpt":{"rendered":"<p>Potpredsjednik Srpske narodne stranke i poslanik u Skup&scaron;tini Crne Gore Goran Danilovi\u0107 saop&scaron;tio je danas da je vi&scaron;e desetina gra\u0111ana Bjelog Polja krenulo danas pje&scaron;ice u Podgoricu da posjete Mandi\u0107a. Njihov dolazak u Podgoricu, rekao je Danilovi\u0107, mo\u017ee se o\u010dekivati u ponedjeljak, 20. oktobra, jer Mandi\u0107eve pristalice moraju da pre\u0111u vi&scaron;e od 150 kilometara. &quot;Zahvaljujemo [&hellip;]<\/p>\n","protected":false},"author":1,"featured_media":0,"comment_status":"open","ping_status":"closed","sticky":false,"template":"","format":"standard","meta":{"_seopress_robots_primary_cat":"","_seopress_titles_title":"","_seopress_titles_desc":"","_seopress_robots_index":"","_et_pb_use_builder":"","_et_pb_old_content":"","_et_gb_content_width":"","inline_featured_image":false,"footnotes":""},"categories":[14],"tags":[],"class_list":["post-26385","post","type-post","status-publish","format-standard","hentry","category-vijesti"],"_links":{"self":[{"href":"https:\/\/www.pcnen.com\/portal\/wp-json\/wp\/v2\/posts\/26385","targetHints":{"allow":["GET"]}}],"collection":[{"href":"https:\/\/www.pcnen.com\/portal\/wp-json\/wp\/v2\/posts"}],"about":[{"href":"https:\/\/www.pcnen.com\/portal\/wp-json\/wp\/v2\/types\/post"}],"author":[{"embeddable":true,"href":"https:\/\/www.pcnen.com\/portal\/wp-json\/wp\/v2\/users\/1"}],"replies":[{"embeddable":true,"href":"https:\/\/www.pcnen.com\/portal\/wp-json\/wp\/v2\/comments?post=26385"}],"version-history":[{"count":0,"href":"https:\/\/www.pcnen.com\/portal\/wp-json\/wp\/v2\/posts\/26385\/revisions"}],"wp:attachment":[{"href":"https:\/\/www.pcnen.com\/portal\/wp-json\/wp\/v2\/media?parent=26385"}],"wp:term":[{"taxonomy":"category","embeddable":true,"href":"https:\/\/www.pcnen.com\/portal\/wp-json\/wp\/v2\/categories?post=26385"},{"taxonomy":"post_tag","embeddable":true,"href":"https:\/\/www.pcnen.com\/portal\/wp-json\/wp\/v2\/tags?post=26385"}],"curies":[{"name":"wp","href":"https:\/\/api.w.org\/{rel}","templated":true}]}}