{"id":263849,"date":"2019-04-02T16:11:00","date_gmt":"2019-04-02T14:11:00","guid":{"rendered":"http:\/\/www.pcnen.com\/portal\/?p=263849"},"modified":"2019-04-02T19:27:00","modified_gmt":"2019-04-02T17:27:00","slug":"za-peticije-sada-dovoljno-tri-hiljade-potpisa","status":"publish","type":"post","link":"https:\/\/www.pcnen.com\/portal\/2019\/04\/02\/za-peticije-sada-dovoljno-tri-hiljade-potpisa\/","title":{"rendered":"Za peticije sada dovoljno tri hiljade potpisa"},"content":{"rendered":"<p><img loading=\"lazy\" decoding=\"async\" src=\"http:\/\/www.pcnen.com\/portal\/wp-content\/uploads\/2012\/11\/peticija-300x168.jpg\" alt=\"\" width=\"300\" height=\"168\" class=\"alignright size-medium wp-image-98342\" \/>Gra\u0111ani Crne Gore od danas ponovo mogu podnositi peticije za inicijative iz nadle\u017enosti Vlade, sa prikupljenih tri hiljade, umjesto ranije potrebnih \u0161est hiljada potpisa.<\/p>\n<p>Kako je saop\u0161teno iz Ministarstva javne uprave (MJU), portal Glas gra\u0111ana e-Peticije<a href=\"https:\/\/www.epeticije.gov.me\/\"> www.epeticije.gov.me<\/a> od danas je ponovo aktivan. <\/p>\n<p>Navodi se da gra\u0111ani peticiju mogu podnijeti vrlo jednostavno, u tri koraka, pri \u010demu se unose li\u010dni podaci, naziv i tekst peticije i bira nadle\u017eno ministarstvo.<\/p>\n<p>\u201eUkoliko je korisnik ispravno unio svoje podatke, od sistema dobija email sa detaljnim informacijama o peticiji koja je \u201ekandidovana\u201c, kao i informacijama o proceduri koja slijedi u procesu validacije peticije\u201c, kazali su iz Ministarstva.<\/p>\n<p>\u201eUkoliko peticija ispunjava pravila za podno\u0161enje, ona postaje vidljiva na web portalu ePeticije i postaje otvorena za glasanje\u201c, pojasnili su iz Ministarstva.<\/p>\n<p>Kako su naveli, formirana je posebna Komisija koja \u0107e razmatrati i odlu\u010divati o pitanjima koja, u postupku obrade podnijetih elektronskih peticija, dostave resorna ministarstva.<\/p>\n<p>Komisiju \u010dine predstavnici Generalnog sekretarijata Vlade i ministarstava javne uprave i pravde.<br \/>\nProjekat Glas gra\u0111ana \u2013 ePeticije nastao je 2012. godine sa ciljem pove\u0107anja transparentnosti rada Vlade, odnosno realizacije gra\u0111anskih inicijativa, kroz demokratski model podno\u0161enja elektronskih peticija, prenosi Mina.<\/p>\n","protected":false},"excerpt":{"rendered":"<p>Gra\u0111ani Crne Gore od danas ponovo mogu podnositi peticije za inicijative iz nadle\u017enosti Vlade, sa prikupljenih tri hiljade, umjesto ranije potrebnih \u0161est hiljada potpisa. Kako je saop\u0161teno iz Ministarstva javne uprave (MJU), portal Glas gra\u0111ana e-Peticije www.epeticije.gov.me od danas je ponovo aktivan. Navodi se da gra\u0111ani peticiju mogu podnijeti vrlo jednostavno, u tri koraka, pri [&hellip;]<\/p>\n","protected":false},"author":1,"featured_media":0,"comment_status":"open","ping_status":"closed","sticky":false,"template":"","format":"standard","meta":{"_seopress_robots_primary_cat":"","_seopress_titles_title":"","_seopress_titles_desc":"","_seopress_robots_index":"","_et_pb_use_builder":"","_et_pb_old_content":"","_et_gb_content_width":"","inline_featured_image":false,"footnotes":""},"categories":[14,12],"tags":[],"class_list":["post-263849","post","type-post","status-publish","format-standard","hentry","category-vijesti","category-prica-dana"],"_links":{"self":[{"href":"https:\/\/www.pcnen.com\/portal\/wp-json\/wp\/v2\/posts\/263849","targetHints":{"allow":["GET"]}}],"collection":[{"href":"https:\/\/www.pcnen.com\/portal\/wp-json\/wp\/v2\/posts"}],"about":[{"href":"https:\/\/www.pcnen.com\/portal\/wp-json\/wp\/v2\/types\/post"}],"author":[{"embeddable":true,"href":"https:\/\/www.pcnen.com\/portal\/wp-json\/wp\/v2\/users\/1"}],"replies":[{"embeddable":true,"href":"https:\/\/www.pcnen.com\/portal\/wp-json\/wp\/v2\/comments?post=263849"}],"version-history":[{"count":0,"href":"https:\/\/www.pcnen.com\/portal\/wp-json\/wp\/v2\/posts\/263849\/revisions"}],"wp:attachment":[{"href":"https:\/\/www.pcnen.com\/portal\/wp-json\/wp\/v2\/media?parent=263849"}],"wp:term":[{"taxonomy":"category","embeddable":true,"href":"https:\/\/www.pcnen.com\/portal\/wp-json\/wp\/v2\/categories?post=263849"},{"taxonomy":"post_tag","embeddable":true,"href":"https:\/\/www.pcnen.com\/portal\/wp-json\/wp\/v2\/tags?post=263849"}],"curies":[{"name":"wp","href":"https:\/\/api.w.org\/{rel}","templated":true}]}}