{"id":263823,"date":"2019-04-02T08:59:12","date_gmt":"2019-04-02T06:59:12","guid":{"rendered":"http:\/\/www.pcnen.com\/portal\/?p=263823"},"modified":"2019-04-02T10:54:36","modified_gmt":"2019-04-02T08:54:36","slug":"tivat-kordoni-policije-opkolili-krstionicu","status":"publish","type":"post","link":"https:\/\/www.pcnen.com\/portal\/2019\/04\/02\/tivat-kordoni-policije-opkolili-krstionicu\/","title":{"rendered":"Tivat: Kordoni policije opkolili krstionicu"},"content":{"rendered":"<div id=\"attachment_263838\" style=\"width: 310px\" class=\"wp-caption alignright\"><img loading=\"lazy\" decoding=\"async\" aria-describedby=\"caption-attachment-263838\" class=\"size-medium wp-image-263838\" src=\"http:\/\/www.pcnen.com\/portal\/wp-content\/uploads\/2019\/04\/odbrana-krstionice-300x169.jpg\" alt=\"\" width=\"300\" height=\"169\" srcset=\"https:\/\/www.pcnen.com\/portal\/wp-content\/uploads\/2019\/04\/odbrana-krstionice.jpg 300w, https:\/\/www.pcnen.com\/portal\/wp-content\/uploads\/2019\/04\/odbrana-krstionice-235x132.jpg 235w, https:\/\/www.pcnen.com\/portal\/wp-content\/uploads\/2019\/04\/odbrana-krstionice-202x114.jpg 202w, https:\/\/www.pcnen.com\/portal\/wp-content\/uploads\/2019\/04\/odbrana-krstionice-75x42.jpg 75w, https:\/\/www.pcnen.com\/portal\/wp-content\/uploads\/2019\/04\/odbrana-krstionice-220x124.jpg 220w\" sizes=\"(max-width: 300px) 100vw, 300px\" \/><p id=\"caption-attachment-263838\" class=\"wp-caption-text\">Odbrana krstionice: Foto Boka news<\/p><\/div>\n<p>Jutros nije uspio poku\u0161aj crnogorske policije da sru\u0161i bespravno podignutu krstionicu na Prevlaci Svetog arhangela Mihaila kod Tivta.<\/p>\n<p>Policija je rano jutros opkolila krstionicu Suza Njego\u0161eva, \u010dije je <a href=\"http:\/\/www.pcnen.com\/portal\/2019\/03\/31\/rusenje-krstionice-2-aprila\/\">ru\u0161enje za danas najavila vlast.<\/a><\/p>\n<p>Iako je ru\u0161enje krstionice najavljeno za 9.00 \u010dasova, policija je do\u0161la u 4.35 \u010dasova sa uga\u0161enim svjetlima sa mora i opkolila krstionicu, u kojoj se mno\u0161tvo naroda molilo, <a href=\"https:\/\/mitropolija.com\/2019\/04\/02\/kordoni-policije-opkolili-miholjsku-prevlaku-hiljade-vjernika-brane-krstionicu\/\">pi\u0161e na sajtu Mitropolije.<\/a><\/p>\n<p>Tri kordona policije opkolila su ostrvo sa svih strana, sa kopna i mora.<\/p>\n<p>Sekretar odbora za izgradnju Manastira Svetog arhangela Mihaila otac Miajlo Backovi\u0107 pozvao je policiju da se povu\u010de.<\/p>\n<p>Veliki broj vjernika sino\u0107 se okupio ispred krstionice, s namjerom da molitvom sa\u010duva svetinju, a sveno\u0107no bdenje slu\u017eio je episkop dioklijski Metodije sa sve\u0161tenstvom.<img loading=\"lazy\" decoding=\"async\" class=\"size-medium wp-image-260361 alignleft\" src=\"http:\/\/www.pcnen.com\/portal\/wp-content\/uploads\/2019\/01\/krstionica-na-ostrvu-cvijeca-300x226.jpg\" alt=\"\" width=\"300\" height=\"226\" srcset=\"https:\/\/www.pcnen.com\/portal\/wp-content\/uploads\/2019\/01\/krstionica-na-ostrvu-cvijeca.jpg 300w, https:\/\/www.pcnen.com\/portal\/wp-content\/uploads\/2019\/01\/krstionica-na-ostrvu-cvijeca-235x177.jpg 235w, https:\/\/www.pcnen.com\/portal\/wp-content\/uploads\/2019\/01\/krstionica-na-ostrvu-cvijeca-75x57.jpg 75w, https:\/\/www.pcnen.com\/portal\/wp-content\/uploads\/2019\/01\/krstionica-na-ostrvu-cvijeca-220x166.jpg 220w\" sizes=\"(max-width: 300px) 100vw, 300px\" \/><\/p>\n<p>Krstionica se nalazi u moru i predstavlja obnavljanje stare izgra\u0111ene prije vi\u0161e od 11 vjekova u sjedi\u0161tu prve Zetske episkopije Svetog Save, uspostavljene 1220. godine.<\/p>\n<p>Tu se svakodnevno obavljaju kr\u0161tenja i sve je vi\u0161e onih koji u ljetnom periodu \u017eele da se krste pogru\u017eavanjem u more. Zbog toga je i odlu\u010deno da krstionica bude obnovljena i postavljena na vodi.<\/p>\n<p>Krstionica je izgra\u0111ena u skladu sa arhitekturom iz 9. vijeka i posve\u0107ena je\u00a0 Petru Drugom Petrovi\u0107u Njego\u0161u.<\/p>\n","protected":false},"excerpt":{"rendered":"<p>Jutros nije uspio poku\u0161aj crnogorske policije da sru\u0161i bespravno podignutu krstionicu na Prevlaci Svetog arhangela Mihaila kod Tivta. Policija je rano jutros opkolila krstionicu Suza Njego\u0161eva, \u010dije je ru\u0161enje za danas najavila vlast. Iako je ru\u0161enje krstionice najavljeno za 9.00 \u010dasova, policija je do\u0161la u 4.35 \u010dasova sa uga\u0161enim svjetlima sa mora i opkolila krstionicu, [&hellip;]<\/p>\n","protected":false},"author":1,"featured_media":263838,"comment_status":"open","ping_status":"closed","sticky":false,"template":"","format":"standard","meta":{"_seopress_robots_primary_cat":"","_seopress_titles_title":"","_seopress_titles_desc":"","_seopress_robots_index":"","_et_pb_use_builder":"","_et_pb_old_content":"","_et_gb_content_width":"","inline_featured_image":false,"footnotes":""},"categories":[14,12],"tags":[],"class_list":["post-263823","post","type-post","status-publish","format-standard","has-post-thumbnail","hentry","category-vijesti","category-prica-dana"],"_links":{"self":[{"href":"https:\/\/www.pcnen.com\/portal\/wp-json\/wp\/v2\/posts\/263823","targetHints":{"allow":["GET"]}}],"collection":[{"href":"https:\/\/www.pcnen.com\/portal\/wp-json\/wp\/v2\/posts"}],"about":[{"href":"https:\/\/www.pcnen.com\/portal\/wp-json\/wp\/v2\/types\/post"}],"author":[{"embeddable":true,"href":"https:\/\/www.pcnen.com\/portal\/wp-json\/wp\/v2\/users\/1"}],"replies":[{"embeddable":true,"href":"https:\/\/www.pcnen.com\/portal\/wp-json\/wp\/v2\/comments?post=263823"}],"version-history":[{"count":0,"href":"https:\/\/www.pcnen.com\/portal\/wp-json\/wp\/v2\/posts\/263823\/revisions"}],"wp:featuredmedia":[{"embeddable":true,"href":"https:\/\/www.pcnen.com\/portal\/wp-json\/wp\/v2\/media\/263838"}],"wp:attachment":[{"href":"https:\/\/www.pcnen.com\/portal\/wp-json\/wp\/v2\/media?parent=263823"}],"wp:term":[{"taxonomy":"category","embeddable":true,"href":"https:\/\/www.pcnen.com\/portal\/wp-json\/wp\/v2\/categories?post=263823"},{"taxonomy":"post_tag","embeddable":true,"href":"https:\/\/www.pcnen.com\/portal\/wp-json\/wp\/v2\/tags?post=263823"}],"curies":[{"name":"wp","href":"https:\/\/api.w.org\/{rel}","templated":true}]}}