{"id":263810,"date":"2019-04-01T20:15:41","date_gmt":"2019-04-01T18:15:41","guid":{"rendered":"http:\/\/www.pcnen.com\/portal\/?p=263810"},"modified":"2019-04-01T20:16:10","modified_gmt":"2019-04-01T18:16:10","slug":"promjenljivo-oblacno-i-uglavnom-suvo-12","status":"publish","type":"post","link":"https:\/\/www.pcnen.com\/portal\/2019\/04\/01\/promjenljivo-oblacno-i-uglavnom-suvo-12\/","title":{"rendered":"Promjenljivo obla\u010dno i uglavnom suvo"},"content":{"rendered":"<p><img loading=\"lazy\" decoding=\"async\" class=\"alignright size-full wp-image-106861\" src=\"http:\/\/www.pcnen.com\/portal\/wp-content\/uploads\/2013\/02\/breza.jpg\" alt=\"\" width=\"240\" height=\"180\" \/>U utorak \u0107e biti promjenljivo obla\u010dno i uglavnom suvo. Na jugu Crne Gore sunce \u0107e grijati u du\u017eim periodima.<\/p>\n<p>Po kotlinama na sjeveru zemlje ujutru \u0107e biti mogu\u0107a magla mjestimi\u010dno.<\/p>\n<p>Vjetar s juga duva\u0107e umjerenom ili slabom snagom.<\/p>\n<p>Jutarnja temperatura vazduha bi\u0107e od nula do 10, a najvi\u0161a dnevna od 10 do 23 stepena.<\/p>\n<p>U Podgorici \u0107e biti malo do umjereno obla\u010dno, uz dosta sun\u010danih intervala. Vjetar promjenljivog smjera bi\u0107e slab do umjeren. Jutarnja temperatura vazduha bi\u0107e oko 9, a najvi\u0161a dnevna do 23 stepena.<\/p>\n<p><a href=\"http:\/\/www.meteo.co.me\/misc.php?text=121&amp;sektor=1&amp;grad=BAR\">Prognoza za ostale gradove.<\/a><\/p>\n","protected":false},"excerpt":{"rendered":"<p> Na jugu Crne Gore sunce \u0107e grijati u du\u017eim periodima<\/p>\n","protected":false},"author":1,"featured_media":0,"comment_status":"open","ping_status":"closed","sticky":false,"template":"","format":"standard","meta":{"_seopress_robots_primary_cat":"","_seopress_titles_title":"","_seopress_titles_desc":"","_seopress_robots_index":"","_et_pb_use_builder":"","_et_pb_old_content":"","_et_gb_content_width":"","inline_featured_image":false,"footnotes":""},"categories":[14,12],"tags":[],"class_list":["post-263810","post","type-post","status-publish","format-standard","hentry","category-vijesti","category-prica-dana"],"_links":{"self":[{"href":"https:\/\/www.pcnen.com\/portal\/wp-json\/wp\/v2\/posts\/263810","targetHints":{"allow":["GET"]}}],"collection":[{"href":"https:\/\/www.pcnen.com\/portal\/wp-json\/wp\/v2\/posts"}],"about":[{"href":"https:\/\/www.pcnen.com\/portal\/wp-json\/wp\/v2\/types\/post"}],"author":[{"embeddable":true,"href":"https:\/\/www.pcnen.com\/portal\/wp-json\/wp\/v2\/users\/1"}],"replies":[{"embeddable":true,"href":"https:\/\/www.pcnen.com\/portal\/wp-json\/wp\/v2\/comments?post=263810"}],"version-history":[{"count":0,"href":"https:\/\/www.pcnen.com\/portal\/wp-json\/wp\/v2\/posts\/263810\/revisions"}],"wp:attachment":[{"href":"https:\/\/www.pcnen.com\/portal\/wp-json\/wp\/v2\/media?parent=263810"}],"wp:term":[{"taxonomy":"category","embeddable":true,"href":"https:\/\/www.pcnen.com\/portal\/wp-json\/wp\/v2\/categories?post=263810"},{"taxonomy":"post_tag","embeddable":true,"href":"https:\/\/www.pcnen.com\/portal\/wp-json\/wp\/v2\/tags?post=263810"}],"curies":[{"name":"wp","href":"https:\/\/api.w.org\/{rel}","templated":true}]}}