{"id":263807,"date":"2019-04-01T20:06:09","date_gmt":"2019-04-01T18:06:09","guid":{"rendered":"http:\/\/www.pcnen.com\/portal\/?p=263807"},"modified":"2019-04-01T20:06:09","modified_gmt":"2019-04-01T18:06:09","slug":"lokalni-dps-protiv-gradnje-na-crnom-jezeru","status":"publish","type":"post","link":"https:\/\/www.pcnen.com\/portal\/2019\/04\/01\/lokalni-dps-protiv-gradnje-na-crnom-jezeru\/","title":{"rendered":"Lokalni DPS protiv gradnje na Crnom jezeru"},"content":{"rendered":"<p><img loading=\"lazy\" decoding=\"async\" class=\"alignright  wp-image-263164\" src=\"http:\/\/www.pcnen.com\/portal\/wp-content\/uploads\/2019\/03\/sjeca-crno-jezero-300x228.jpg\" alt=\"\" width=\"232\" height=\"176\" \/>Rukovodstvo i odbornici Demokratske partije socijalista u op\u0161tini \u017dabljak su se oglasili danas porukom da jednoglasno podr\u017eavaju \u201copravdani revolt gra\u0111ana \u017dabljaka\u201c i da \u0107e ga podr\u017eati.<\/p>\n<p>&#8220;Na sastanku koji je odr\u017ean 1. 4. 2019.godine u prostorijama OO DPS \u2013 \u017dabljak, kojem su priosustvovali \u010dlanovi IO i kluba odbornika DPS \u2013 \u017dabljak, razmatran je materijal za predstoje\u0107u Skup\u0161tinu lokalnog parlamenta koji je zakazan 4. mart. Postignuta je puna saglasnost oko nastupa odborni\u010dkog kluba za sjednicu SO. Na sjednici je razmatrana aktuelna politi\u010dka situacija u op\u0161tini \u017dabljak koja je nastala nizom de\u0161avanja i okupljanja povodom gradnje u okolini Crnog jezera. IO i klub odbornika jednoglasno je podr\u017eao opravdani revolt gra\u0111ana <img loading=\"lazy\" decoding=\"async\" class=\"size-medium wp-image-261720 alignleft\" src=\"http:\/\/www.pcnen.com\/portal\/wp-content\/uploads\/2019\/02\/Durmitor-300x173.jpg\" alt=\"\" width=\"300\" height=\"173\" \/>\u017dabljaka i \u010dlanova DPS i zatra\u017eio od nadle\u017enih institucija da pravovremeno reaguju na datu situaciju i obustave sve planove za izgradnju u reonu Crnog jezera. Zajedni\u010dki stav je da \u0107e \u010dlanovi IO i kluba odbornika kao i \u010dlanovi partije zajedno sa gra\u0111anima \u017dabljaka u\u010destovati u svim protestima i okupljanjima ako do njih do\u0111e, i ako se nadle\u017ene institucije oglu\u0161e o apel gra\u0111ana \u017dabljaka da se sa\u010duvaju prirodne ljepote oko Crnog Jezera i NP Durmitor\u201d, re\u010deno je u zvani\u010dnom saop\u0161tenju.<\/p>\n","protected":false},"excerpt":{"rendered":"<p>Rukovodstvo i odbornici Demokratske partije socijalista u op\u0161tini \u017dabljak su se oglasili danas porukom da jednoglasno podr\u017eavaju \u201copravdani revolt gra\u0111ana \u017dabljaka\u201c i da \u0107e ga podr\u017eati. &#8220;Na sastanku koji je odr\u017ean 1. 4. 2019.godine u prostorijama OO DPS \u2013 \u017dabljak, kojem su priosustvovali \u010dlanovi IO i kluba odbornika DPS \u2013 \u017dabljak, razmatran je materijal za [&hellip;]<\/p>\n","protected":false},"author":1,"featured_media":0,"comment_status":"open","ping_status":"closed","sticky":false,"template":"","format":"standard","meta":{"_seopress_robots_primary_cat":"","_seopress_titles_title":"","_seopress_titles_desc":"","_seopress_robots_index":"","_et_pb_use_builder":"","_et_pb_old_content":"","_et_gb_content_width":"","inline_featured_image":false,"footnotes":""},"categories":[14,12],"tags":[],"class_list":["post-263807","post","type-post","status-publish","format-standard","hentry","category-vijesti","category-prica-dana"],"_links":{"self":[{"href":"https:\/\/www.pcnen.com\/portal\/wp-json\/wp\/v2\/posts\/263807","targetHints":{"allow":["GET"]}}],"collection":[{"href":"https:\/\/www.pcnen.com\/portal\/wp-json\/wp\/v2\/posts"}],"about":[{"href":"https:\/\/www.pcnen.com\/portal\/wp-json\/wp\/v2\/types\/post"}],"author":[{"embeddable":true,"href":"https:\/\/www.pcnen.com\/portal\/wp-json\/wp\/v2\/users\/1"}],"replies":[{"embeddable":true,"href":"https:\/\/www.pcnen.com\/portal\/wp-json\/wp\/v2\/comments?post=263807"}],"version-history":[{"count":0,"href":"https:\/\/www.pcnen.com\/portal\/wp-json\/wp\/v2\/posts\/263807\/revisions"}],"wp:attachment":[{"href":"https:\/\/www.pcnen.com\/portal\/wp-json\/wp\/v2\/media?parent=263807"}],"wp:term":[{"taxonomy":"category","embeddable":true,"href":"https:\/\/www.pcnen.com\/portal\/wp-json\/wp\/v2\/categories?post=263807"},{"taxonomy":"post_tag","embeddable":true,"href":"https:\/\/www.pcnen.com\/portal\/wp-json\/wp\/v2\/tags?post=263807"}],"curies":[{"name":"wp","href":"https:\/\/api.w.org\/{rel}","templated":true}]}}