{"id":263787,"date":"2019-04-01T13:14:17","date_gmt":"2019-04-01T11:14:17","guid":{"rendered":"http:\/\/www.pcnen.com\/portal\/?p=263787"},"modified":"2019-04-01T13:17:11","modified_gmt":"2019-04-01T11:17:11","slug":"u-crnoj-gori-najmlade-porodilje","status":"publish","type":"post","link":"https:\/\/www.pcnen.com\/portal\/2019\/04\/01\/u-crnoj-gori-najmlade-porodilje\/","title":{"rendered":"U Crnoj Gori najmla\u0111e porodilje"},"content":{"rendered":"<p><img loading=\"lazy\" decoding=\"async\" class=\"alignright size-medium wp-image-80356\" src=\"http:\/\/www.pcnen.com\/portal\/wp-content\/uploads\/2012\/04\/koje-je-na\u0161e-dijete-300x225.jpg\" alt=\"\" width=\"300\" height=\"225\" \/>Prema posljednje dostupnim podacima Eurostata, prosje\u010dna dob \u017eena pri porodu prvog djeteta u Evropi je u porastu. Prosjek u Evropskoj uniji 2013. godine bio je 28,7 godina, dok je 2017. porastao na 29,1 godinu. Pove\u0107anje ove dobi se desilo u svim \u010dlanicama EU, ali u razli\u010ditim razmjerima \u2013 najvi\u0161e u Estoniji, gdje je dob pove\u0107ana za 1,2 godina, dok je najmanja promjena u \u010ce\u0161koj \u2013 0,1 godina, objavila je Al D\u017eazira Balkan.<\/p>\n<p>\u010clanice EU gdje je dob ra\u0111anja prvog dijeteta najvi\u0161a su Italija (31,1), \u0160panija (30,9) i Luksemburg (30,8 godina). Najmla\u0111e porodilje EU su u Bugarskoj (26,1), Rumuniji (26,5) i Latviji (26,9).<\/p>\n<p>U regiji, prosje\u010dna dob \u017eena pri porodu prvog djeteta najvi\u0161a je u Sloveniji \u2013 28,8 godina, zatim Hrvatskoj \u2013 28,6, Srbiji 27,8, dok je u BiH prosje\u010dna dob 27,3 godina.<\/p>\n<p>U S. Makedoniji i Kosovu \u017eene u prosjeku prvi put ra\u0111aju sa 26,9 godina, a u Crnoj Gori sa 26,3.<\/p>\n<p>Podaci za Crnu Goru su iz 2010. godine, a za Kosovo iz 2016, napominje Al D\u017eazira Balkan.<\/p>\n","protected":false},"excerpt":{"rendered":"<p>Prema posljednje dostupnim podacima Eurostata, prosje\u010dna dob \u017eena pri porodu prvog djeteta u Evropi je u porastu. Prosjek u Evropskoj uniji 2013. godine bio je 28,7 godina, dok je 2017. porastao na 29,1 godinu. Pove\u0107anje ove dobi se desilo u svim \u010dlanicama EU, ali u razli\u010ditim razmjerima \u2013 najvi\u0161e u Estoniji, gdje je dob pove\u0107ana [&hellip;]<\/p>\n","protected":false},"author":1,"featured_media":0,"comment_status":"open","ping_status":"closed","sticky":false,"template":"","format":"standard","meta":{"_seopress_robots_primary_cat":"","_seopress_titles_title":"","_seopress_titles_desc":"","_seopress_robots_index":"","_et_pb_use_builder":"","_et_pb_old_content":"","_et_gb_content_width":"","inline_featured_image":false,"footnotes":""},"categories":[14,12],"tags":[],"class_list":["post-263787","post","type-post","status-publish","format-standard","hentry","category-vijesti","category-prica-dana"],"_links":{"self":[{"href":"https:\/\/www.pcnen.com\/portal\/wp-json\/wp\/v2\/posts\/263787","targetHints":{"allow":["GET"]}}],"collection":[{"href":"https:\/\/www.pcnen.com\/portal\/wp-json\/wp\/v2\/posts"}],"about":[{"href":"https:\/\/www.pcnen.com\/portal\/wp-json\/wp\/v2\/types\/post"}],"author":[{"embeddable":true,"href":"https:\/\/www.pcnen.com\/portal\/wp-json\/wp\/v2\/users\/1"}],"replies":[{"embeddable":true,"href":"https:\/\/www.pcnen.com\/portal\/wp-json\/wp\/v2\/comments?post=263787"}],"version-history":[{"count":0,"href":"https:\/\/www.pcnen.com\/portal\/wp-json\/wp\/v2\/posts\/263787\/revisions"}],"wp:attachment":[{"href":"https:\/\/www.pcnen.com\/portal\/wp-json\/wp\/v2\/media?parent=263787"}],"wp:term":[{"taxonomy":"category","embeddable":true,"href":"https:\/\/www.pcnen.com\/portal\/wp-json\/wp\/v2\/categories?post=263787"},{"taxonomy":"post_tag","embeddable":true,"href":"https:\/\/www.pcnen.com\/portal\/wp-json\/wp\/v2\/tags?post=263787"}],"curies":[{"name":"wp","href":"https:\/\/api.w.org\/{rel}","templated":true}]}}