{"id":263749,"date":"2019-03-31T18:21:08","date_gmt":"2019-03-31T16:21:08","guid":{"rendered":"http:\/\/www.pcnen.com\/portal\/?p=263749"},"modified":"2019-03-31T22:44:53","modified_gmt":"2019-03-31T20:44:53","slug":"sjutra-pocinje-upis-u-prvi-razred","status":"publish","type":"post","link":"https:\/\/www.pcnen.com\/portal\/2019\/03\/31\/sjutra-pocinje-upis-u-prvi-razred\/","title":{"rendered":"Sjutra po\u010dinje upis u prvi razred"},"content":{"rendered":"<p><img loading=\"lazy\" decoding=\"async\" class=\"alignright size-medium wp-image-256670\" src=\"http:\/\/www.pcnen.com\/portal\/wp-content\/uploads\/2018\/11\/skola-300x216.jpg\" alt=\"\" width=\"300\" height=\"216\" \/>Upis u prvi razred osnovne \u0161kole za djecu koja pune \u0161est godina po\u010de\u0107e sjutra, najavili su iz Ministarstva prosvjete.<\/p>\n<p>Kako su rekli iz tog resora, upisuju se djeca ro\u0111ena 2013. godine, odnosno djeca koja navr\u0161avaju \u0161est godina u ovoj kalendarskoj godini.<\/p>\n<p>Oni su napomenuli da od pro\u0161le godine va\u017ei teritorijalni princip, \u0161to zna\u010di da su za svaku \u0161kolu odre\u0111ena pripadaju\u0107a naselja ili ulice.<\/p>\n<p>Spiskove pripadaju\u0107ih naselja ili ulica \u0161kole imaju obavezu da istaknu na vidnim mjestima, ali i na svojim sajtovima.<\/p>\n<p>Svrha teritorijalnog principa, kako su naveli, je da se djeci koja \u017eive u blizini \u0161kole omogu\u0107i upis u tu ustanovu.<\/p>\n<p>Procedura upisa obuhvata zakazivanje sistematskog pregleda kod izabranog pedijatra, zakazivanje razgovora kod pedagoga ili psihologa \u0161kole uz ljekarsko uvjerenje nadle\u017ene zdravstvene ustanove kao i razgovor djeteta sa pedagogom ili psihologom \u0161kole, prenosi Mina.<\/p>\n<p>Prema njihovim rije\u010dima, zbog primjene teritorijalnog principa, jedan dio roditelja ili staratelja \u0107e biti du\u017ean da dostavi potvrdu o prebivali\u0161tu koji do sada nijesu prijavili promjenu adrese stanovanja Ministarstvu unutra\u0161njih poslova (MUP).<\/p>\n<p>Potvrdu \u0107e morati pribaviti i oni koji su nakon februara mijenjali adresu stanovanja, nezavisno od toga jesu li tu promjenu prijavili MUP-u.<\/p>\n<p>&#8220;Ukoliko eventualno ima mjesta, \u0161kola mo\u017ee upisati i djecu koja nijesu iz pripadaju\u0107ih naselja. U tim slu\u010dajevima prednost imaju u\u010denici iz porodica \u010dija starija djeca ve\u0107 poha\u0111aju tu \u0161kolu&#8221;, rekli su iz Ministarstva.<\/p>\n<p>Oni su dodali da se djetetu mo\u017ee odlo\u017eiti po\u010detak \u0161kolovanja za jednu godinu, na predlog komisije ili roditelja, ukoliko se utvrdi da dijete nije spremno za polazak u \u0161kolu.<\/p>\n<p>Djetetu se mo\u017ee odobriti upis u \u0161kolu prije navr\u0161etka \u0161est godina \u017eivota, na predlog roditelja, a po odobrenju komisije za upis.<\/p>\n<p>&#8220;\u0160kola je du\u017ena da podnese prijavu nadle\u017enoj inspekciji protiv roditelja djeteta koje nije upisano u \u0161kolu&#8221;, ka\u017ee se u saop\u0161tenju.<\/p>\n","protected":false},"excerpt":{"rendered":"<p>Upis u prvi razred osnovne \u0161kole za djecu koja pune \u0161est godina po\u010de\u0107e sjutra, najavili su iz Ministarstva prosvjete. Kako su rekli iz tog resora, upisuju se djeca ro\u0111ena 2013. godine, odnosno djeca koja navr\u0161avaju \u0161est godina u ovoj kalendarskoj godini. Oni su napomenuli da od pro\u0161le godine va\u017ei teritorijalni princip, \u0161to zna\u010di da su [&hellip;]<\/p>\n","protected":false},"author":1,"featured_media":0,"comment_status":"open","ping_status":"closed","sticky":false,"template":"","format":"standard","meta":{"_seopress_robots_primary_cat":"","_seopress_titles_title":"","_seopress_titles_desc":"","_seopress_robots_index":"","_et_pb_use_builder":"","_et_pb_old_content":"","_et_gb_content_width":"","inline_featured_image":false,"footnotes":""},"categories":[14,12],"tags":[],"class_list":["post-263749","post","type-post","status-publish","format-standard","hentry","category-vijesti","category-prica-dana"],"_links":{"self":[{"href":"https:\/\/www.pcnen.com\/portal\/wp-json\/wp\/v2\/posts\/263749","targetHints":{"allow":["GET"]}}],"collection":[{"href":"https:\/\/www.pcnen.com\/portal\/wp-json\/wp\/v2\/posts"}],"about":[{"href":"https:\/\/www.pcnen.com\/portal\/wp-json\/wp\/v2\/types\/post"}],"author":[{"embeddable":true,"href":"https:\/\/www.pcnen.com\/portal\/wp-json\/wp\/v2\/users\/1"}],"replies":[{"embeddable":true,"href":"https:\/\/www.pcnen.com\/portal\/wp-json\/wp\/v2\/comments?post=263749"}],"version-history":[{"count":0,"href":"https:\/\/www.pcnen.com\/portal\/wp-json\/wp\/v2\/posts\/263749\/revisions"}],"wp:attachment":[{"href":"https:\/\/www.pcnen.com\/portal\/wp-json\/wp\/v2\/media?parent=263749"}],"wp:term":[{"taxonomy":"category","embeddable":true,"href":"https:\/\/www.pcnen.com\/portal\/wp-json\/wp\/v2\/categories?post=263749"},{"taxonomy":"post_tag","embeddable":true,"href":"https:\/\/www.pcnen.com\/portal\/wp-json\/wp\/v2\/tags?post=263749"}],"curies":[{"name":"wp","href":"https:\/\/api.w.org\/{rel}","templated":true}]}}