{"id":263741,"date":"2019-03-31T14:04:19","date_gmt":"2019-03-31T12:04:19","guid":{"rendered":"http:\/\/www.pcnen.com\/portal\/?p=263741"},"modified":"2019-03-31T17:34:16","modified_gmt":"2019-03-31T15:34:16","slug":"peticijom-i-performansima-protiv-devastacije-crnog-jezera","status":"publish","type":"post","link":"https:\/\/www.pcnen.com\/portal\/2019\/03\/31\/peticijom-i-performansima-protiv-devastacije-crnog-jezera\/","title":{"rendered":"Peticijom i performansima protiv devastacije Crnog jezera"},"content":{"rendered":"<p><img loading=\"lazy\" decoding=\"async\" src=\"http:\/\/www.pcnen.com\/portal\/wp-content\/uploads\/2019\/03\/sjeca-crno-jezero-300x228.jpg\" alt=\"\" width=\"300\" height=\"228\" class=\"alignright size-medium wp-image-263164\" \/>Predstavnici Turisti\u010dkog udru\u017eenja \u017dabljaka po\u010de\u0107e ove sedmice sa prikupljanjem potpisa za sprje\u010davanje dalje devastacije Crnog jezera.<\/p>\n<p>Iz tog nevladinog udru\u017eenja (NVU) agenciji Mina su kazali da \u0107e sjutra ulo\u017eiti \u017ealbe na elaborat i tendersku komisiju, jer nijesu ra\u0111eni u skladu sa zakonima, i da \u0107e se u petak sastati sa predstavnicima Ministarstva odr\u017eivog razvoja i turizma (MORT).<\/p>\n<p>Oni su rekli da ukoliko na tom sastanku ne dobiju jasne garancije da dalje gradnje ne\u0107e biti, svim legalnim i legitimnim sredstvima nastavi\u0107e djelovanje, a krajem sedmice organizova\u0107e i proteste.<\/p>\n<p>Kako su naveli iz Turisti\u010dkog udru\u017eenja \u017dabljak, cijeli proces sproveden je na tajnovit na\u010din, bez javnih rasprava o planu privremenih objekata na Crnom jezeru, o tenderu za izgradnju nedostaju\u0107e infrastrukture i uticaju gradnje bungalova, avanturistickog parka, vje\u0161ta\u010dke stijene i igraonice na \u017eivotnu sredinu.<\/p>\n<p>\u201eU toku ove sedmice planirane su brojne akcije &#8211; mini performansi u gradu i na Crnom jezeru, podr\u0161ka javnih li\u010dnosti iz svijeta nauke i kulture u vidu video obra\u0107anja, potpisivanje peticije protiv dalje devastacije i gradnje\u201c, kazali su iz tog NVU.<\/p>\n<p>Iz Turisti\u010dkog udru\u017eenja \u017dabljaka naveli su da \u0107e se u petak, osim sa predstavnicima MORT-a, sastati i sa op\u0161tinskim funkcionerima i nevladinim organizacijama, kako bi jo\u0161 jednom apelovali da se sprije\u010di gradnja.<\/p>\n<p>Iz tog NVU su podsjetili da su od 18. marta organizovali brojne akcije kako bi sprije\u010dili dalju devastaciju bisera, ne samo Crne Gore, nego i svijeta.<\/p>\n<p>\u201eKako bi nadomjestili 42 posje\u010dena stabla, 25. marta, organizovali smo akciju po\u0161umljavanja lokaliteta na kom je sje\u010da izvr\u0161ena i odr\u017eali brojne sastanke udru\u017eenja. U\u010destvovali smo na javnoj raspravi o elaboratu o procjeni uticaja gradnje nedostaju\u0107e infrastrukture od hotela &#8220;Durmitor&#8221; do samog Crnog jezera\u201c, dodaje se u saop\u0161tenju. Iz Turisti\u010dkog udru\u017eenja \u017dabljak podsje\u0107aju da su u utorak organizovali sastanak sa predstavnicima MORT-a, JP &#8220;Nacionalni park Durmitor&#8221; i sa op\u0161tinskim funkcionerima, na kojem su gra\u0111ani \u017dabljaka iznijeli jedinstven stav da dalje gradnje ne\u0107e biti. \u201eKako bismo informisali \u0161iru javnost pokrenuli smo kampanju na dru\u0161tvenim medijima &#8220;Dalje ne\u0107e\u0161 mo\u0107i&#8221;, u cilju sprje\u010davanja devastacije i gradnje poslije rampe ka Crnom jezeru\u201c, zaklju\u010duje se u saop\u0161tenju.<\/p>\n","protected":false},"excerpt":{"rendered":"<p>Predstavnici Turisti\u010dkog udru\u017eenja \u017dabljaka po\u010de\u0107e ove sedmice sa prikupljanjem potpisa za sprje\u010davanje dalje devastacije Crnog jezera. Iz tog nevladinog udru\u017eenja (NVU) agenciji Mina su kazali da \u0107e sjutra ulo\u017eiti \u017ealbe na elaborat i tendersku komisiju, jer nijesu ra\u0111eni u skladu sa zakonima, i da \u0107e se u petak sastati sa predstavnicima Ministarstva odr\u017eivog razvoja i [&hellip;]<\/p>\n","protected":false},"author":1,"featured_media":0,"comment_status":"open","ping_status":"closed","sticky":false,"template":"","format":"standard","meta":{"_seopress_robots_primary_cat":"","_seopress_titles_title":"","_seopress_titles_desc":"","_seopress_robots_index":"","_et_pb_use_builder":"","_et_pb_old_content":"","_et_gb_content_width":"","inline_featured_image":false,"footnotes":""},"categories":[14,12],"tags":[],"class_list":["post-263741","post","type-post","status-publish","format-standard","hentry","category-vijesti","category-prica-dana"],"_links":{"self":[{"href":"https:\/\/www.pcnen.com\/portal\/wp-json\/wp\/v2\/posts\/263741","targetHints":{"allow":["GET"]}}],"collection":[{"href":"https:\/\/www.pcnen.com\/portal\/wp-json\/wp\/v2\/posts"}],"about":[{"href":"https:\/\/www.pcnen.com\/portal\/wp-json\/wp\/v2\/types\/post"}],"author":[{"embeddable":true,"href":"https:\/\/www.pcnen.com\/portal\/wp-json\/wp\/v2\/users\/1"}],"replies":[{"embeddable":true,"href":"https:\/\/www.pcnen.com\/portal\/wp-json\/wp\/v2\/comments?post=263741"}],"version-history":[{"count":0,"href":"https:\/\/www.pcnen.com\/portal\/wp-json\/wp\/v2\/posts\/263741\/revisions"}],"wp:attachment":[{"href":"https:\/\/www.pcnen.com\/portal\/wp-json\/wp\/v2\/media?parent=263741"}],"wp:term":[{"taxonomy":"category","embeddable":true,"href":"https:\/\/www.pcnen.com\/portal\/wp-json\/wp\/v2\/categories?post=263741"},{"taxonomy":"post_tag","embeddable":true,"href":"https:\/\/www.pcnen.com\/portal\/wp-json\/wp\/v2\/tags?post=263741"}],"curies":[{"name":"wp","href":"https:\/\/api.w.org\/{rel}","templated":true}]}}