{"id":263737,"date":"2019-03-31T12:52:47","date_gmt":"2019-03-31T10:52:47","guid":{"rendered":"http:\/\/www.pcnen.com\/portal\/?p=263737"},"modified":"2019-03-31T13:57:52","modified_gmt":"2019-03-31T11:57:52","slug":"rusenje-krstionice-2-aprila","status":"publish","type":"post","link":"https:\/\/www.pcnen.com\/portal\/2019\/03\/31\/rusenje-krstionice-2-aprila\/","title":{"rendered":"Ru\u0161enje krstionice 2. aprila"},"content":{"rendered":"<p><img loading=\"lazy\" decoding=\"async\" src=\"http:\/\/www.pcnen.com\/portal\/wp-content\/uploads\/2019\/01\/krstionica-na-ostrvu-cvijeca-300x226.jpg\" alt=\"\" width=\"300\" height=\"226\" class=\"alignright size-medium wp-image-260361\" srcset=\"https:\/\/www.pcnen.com\/portal\/wp-content\/uploads\/2019\/01\/krstionica-na-ostrvu-cvijeca.jpg 300w, https:\/\/www.pcnen.com\/portal\/wp-content\/uploads\/2019\/01\/krstionica-na-ostrvu-cvijeca-235x177.jpg 235w, https:\/\/www.pcnen.com\/portal\/wp-content\/uploads\/2019\/01\/krstionica-na-ostrvu-cvijeca-75x57.jpg 75w, https:\/\/www.pcnen.com\/portal\/wp-content\/uploads\/2019\/01\/krstionica-na-ostrvu-cvijeca-220x166.jpg 220w\" sizes=\"(max-width: 300px) 100vw, 300px\" \/>Ru\u0161enje krstionice na vodi koju je Mitropolija crnogorsko-primorska <a href=\"http:\/\/www.pcnen.com\/portal\/2019\/01\/26\/mort-krstionica-na-ostrvu-cvijeca-mora-biti-srusena\/\">nelegalno sagradila<\/a> krajem pro\u0161le godine na Ostrvu cvijec\u0301a u tivatskom zalivu, po\u010dec\u0301e 2. aprila.<\/p>\n<p>Ministarstvo odr\u017eivog razvoja i turizma ranije je nalo\u017eilo MCP da ukloni objekat, ali po\u0161to to nije u\u010dinjeno u datom roku, u skladu sa zakonom, anga\u017eovano je &#8220;trec\u0301e lice&#8221; da to uradi.<\/p>\n","protected":false},"excerpt":{"rendered":"<p>Ru\u0161enje krstionice na vodi koju je Mitropolija crnogorsko-primorska nelegalno sagradila krajem pro\u0161le godine na Ostrvu cvijec\u0301a u tivatskom zalivu, po\u010dec\u0301e 2. aprila. Ministarstvo odr\u017eivog razvoja i turizma ranije je nalo\u017eilo MCP da ukloni objekat, ali po\u0161to to nije u\u010dinjeno u datom roku, u skladu sa zakonom, anga\u017eovano je &#8220;trec\u0301e lice&#8221; da to uradi.<\/p>\n","protected":false},"author":1,"featured_media":260361,"comment_status":"open","ping_status":"closed","sticky":false,"template":"","format":"standard","meta":{"_seopress_robots_primary_cat":"","_seopress_titles_title":"","_seopress_titles_desc":"","_seopress_robots_index":"","_et_pb_use_builder":"","_et_pb_old_content":"","_et_gb_content_width":"","inline_featured_image":false,"footnotes":""},"categories":[14],"tags":[],"class_list":["post-263737","post","type-post","status-publish","format-standard","has-post-thumbnail","hentry","category-vijesti"],"_links":{"self":[{"href":"https:\/\/www.pcnen.com\/portal\/wp-json\/wp\/v2\/posts\/263737","targetHints":{"allow":["GET"]}}],"collection":[{"href":"https:\/\/www.pcnen.com\/portal\/wp-json\/wp\/v2\/posts"}],"about":[{"href":"https:\/\/www.pcnen.com\/portal\/wp-json\/wp\/v2\/types\/post"}],"author":[{"embeddable":true,"href":"https:\/\/www.pcnen.com\/portal\/wp-json\/wp\/v2\/users\/1"}],"replies":[{"embeddable":true,"href":"https:\/\/www.pcnen.com\/portal\/wp-json\/wp\/v2\/comments?post=263737"}],"version-history":[{"count":0,"href":"https:\/\/www.pcnen.com\/portal\/wp-json\/wp\/v2\/posts\/263737\/revisions"}],"wp:featuredmedia":[{"embeddable":true,"href":"https:\/\/www.pcnen.com\/portal\/wp-json\/wp\/v2\/media\/260361"}],"wp:attachment":[{"href":"https:\/\/www.pcnen.com\/portal\/wp-json\/wp\/v2\/media?parent=263737"}],"wp:term":[{"taxonomy":"category","embeddable":true,"href":"https:\/\/www.pcnen.com\/portal\/wp-json\/wp\/v2\/categories?post=263737"},{"taxonomy":"post_tag","embeddable":true,"href":"https:\/\/www.pcnen.com\/portal\/wp-json\/wp\/v2\/tags?post=263737"}],"curies":[{"name":"wp","href":"https:\/\/api.w.org\/{rel}","templated":true}]}}