{"id":263706,"date":"2019-03-30T13:19:31","date_gmt":"2019-03-30T12:19:31","guid":{"rendered":"http:\/\/www.pcnen.com\/portal\/?p=263706"},"modified":"2019-03-30T13:19:31","modified_gmt":"2019-03-30T12:19:31","slug":"od-veceras-ljetnje-racunanje-vremena-2","status":"publish","type":"post","link":"https:\/\/www.pcnen.com\/portal\/2019\/03\/30\/od-veceras-ljetnje-racunanje-vremena-2\/","title":{"rendered":"Od ve\u010deras ljetnje ra\u010dunanje vremena"},"content":{"rendered":"<p><img loading=\"lazy\" decoding=\"async\" class=\"alignright size-medium wp-image-224459\" src=\"http:\/\/www.pcnen.com\/portal\/wp-content\/uploads\/2017\/04\/prag_sat-300x176.jpg\" alt=\"\" width=\"300\" height=\"176\" \/>U no\u0107i pred nama po\u010dinje ljetnje ra\u010dunanje vremena, pa \u0107emo u dva sata iza pono\u0107i (mo\u017ee i kasnije, ne moramo ustajati u to doba) <strong>kazaljke pomjeriti sat unaprijed.<\/strong><\/p>\n<p>Od 2002. godine Evropska unija, kao i ostale zemlje u Evropi, odredile su da po\u010detak ljetnjeg ra\u010dunanja vremena po\u010dinje poslednje nedjelje u martu i zavr\u0161ava poslednje nedjelje u oktobru.<\/p>\n<p>Evropski parlament je u utorak podr\u017eao predlog direktive kojom se od 2021. na nivou EU ukida polugodi\u0161nje pomjeranje sata, a zemljama \u010dlanicama prepu\u0161ta odluka da li \u0107e se opredijeliti za letnje ili zimsko ra\u010dunanje vremena.<\/p>\n<p>Nova direktiva ne zna\u010di automatsko ukidanje ljetnjeg ra\u010dunanja vremena u EU ni uvo\u0111enje &#8220;jedinstvenog vremena&#8221; u Evropi, ve\u0107 okon\u010dava praksu uskla\u0111enog pomjeranja sata na nivou EU i\u00a0 omogu\u0107ava dr\u017eavama \u010dlanicama da odaberu vlastiti na\u010din ra\u010dunanja vremena.<\/p>\n<p>Prva je ljetnje ra\u010dunanje vremena (od 30. aprila do 1. oktobra 1916. godine) uvela Njema\u010dka za vrijeme Prvog svjetskog rata.<\/p>\n<p>Ljetno ra\u010dunanje vremena u biv\u0161oj Jugoslaviji uvedeno je 27. marta 1983. godine.<\/p>\n","protected":false},"excerpt":{"rendered":"<p>U dva sata iza pono\u0107i kazaljke pomjeriti sat unaprijed<\/p>\n","protected":false},"author":1,"featured_media":0,"comment_status":"open","ping_status":"closed","sticky":false,"template":"","format":"standard","meta":{"_seopress_robots_primary_cat":"","_seopress_titles_title":"","_seopress_titles_desc":"","_seopress_robots_index":"","_et_pb_use_builder":"","_et_pb_old_content":"","_et_gb_content_width":"","inline_featured_image":false,"footnotes":""},"categories":[14,12],"tags":[],"class_list":["post-263706","post","type-post","status-publish","format-standard","hentry","category-vijesti","category-prica-dana"],"_links":{"self":[{"href":"https:\/\/www.pcnen.com\/portal\/wp-json\/wp\/v2\/posts\/263706","targetHints":{"allow":["GET"]}}],"collection":[{"href":"https:\/\/www.pcnen.com\/portal\/wp-json\/wp\/v2\/posts"}],"about":[{"href":"https:\/\/www.pcnen.com\/portal\/wp-json\/wp\/v2\/types\/post"}],"author":[{"embeddable":true,"href":"https:\/\/www.pcnen.com\/portal\/wp-json\/wp\/v2\/users\/1"}],"replies":[{"embeddable":true,"href":"https:\/\/www.pcnen.com\/portal\/wp-json\/wp\/v2\/comments?post=263706"}],"version-history":[{"count":0,"href":"https:\/\/www.pcnen.com\/portal\/wp-json\/wp\/v2\/posts\/263706\/revisions"}],"wp:attachment":[{"href":"https:\/\/www.pcnen.com\/portal\/wp-json\/wp\/v2\/media?parent=263706"}],"wp:term":[{"taxonomy":"category","embeddable":true,"href":"https:\/\/www.pcnen.com\/portal\/wp-json\/wp\/v2\/categories?post=263706"},{"taxonomy":"post_tag","embeddable":true,"href":"https:\/\/www.pcnen.com\/portal\/wp-json\/wp\/v2\/tags?post=263706"}],"curies":[{"name":"wp","href":"https:\/\/api.w.org\/{rel}","templated":true}]}}