{"id":263701,"date":"2019-03-30T12:09:48","date_gmt":"2019-03-30T11:09:48","guid":{"rendered":"http:\/\/www.pcnen.com\/portal\/?p=263701"},"modified":"2019-03-30T12:32:14","modified_gmt":"2019-03-30T11:32:14","slug":"pozari-u-s-makedoniji-evakuacija-stanovnistva","status":"publish","type":"post","link":"https:\/\/www.pcnen.com\/portal\/2019\/03\/30\/pozari-u-s-makedoniji-evakuacija-stanovnistva\/","title":{"rendered":"Po\u017eari u S.Makedoniji, evakuacija stanovni\u0161tva"},"content":{"rendered":"<p><img loading=\"lazy\" decoding=\"async\" src=\"http:\/\/www.pcnen.com\/portal\/wp-content\/uploads\/2012\/07\/pozar01-300x192.jpg\" alt=\"\" width=\"300\" height=\"192\" class=\"alignright size-medium wp-image-88850\" \/>Na istoku S. Makedonije u toku je evakuacija stanovni\u0161tva zbog velikih po\u017eara.<\/p>\n<p>U kavadarskom selu Fari\u0161 po\u017ear je zahvatio vinograde, a vatrena stihija prijeti i ku\u0107ama i crkvama, prenosi makedonski portal Plusinfo.<\/p>\n<p>Zbog pojave velikih \u0161umskih po\u017eara, Vlada S. Makedonije uvela je dvadeset\u010detvoro\u010dasovnu zabranu kretanja u \u0161umama i \u0161umskim podru\u010djima.<\/p>\n<p>Vatrena stihija u selu Rosoman ve\u0107 je zahvatila crkva i groblje, a pribli\u017eava se i prvim ku\u0107ama u selu.<\/p>\n<p>U selu Sasa, na istoku S. Makedonije, evakui\u0161u se mje\u0161tani koji \u017eive u blizini naselja Trakanica i Ad\u017eite. <\/p>\n<p>Sve je izvjesnija da \u0107e biti neophodno avionsko ga\u0161enje po\u017eara.<\/p>\n<p>Tako\u0111e je Prespanski region, kao i turisti\u010dka naselja Ote\u0161evo i Sirhan, zahva\u0107en velikim po\u017earom, kao i dio makedonskog nacionalnog parka Gali\u010dica.<\/p>\n<p>Po\u017ear je zahvatio oko 300 hektara \u0161ume, vo\u0107njake i trske oko jezerske obale.<\/p>\n<p>&#8220;Cijela Prespa je u vatri. Gorelo je kod Ote\u0161eva i Sirhana, prvo trska oko jezera, a potom je vjetar pro\u0161irio po\u017ear na \u0161umu. Vatra se \u0161iri ka nacionalnom parku Gali\u010dica. Nemamo struju, a zapalio se i dalekovod&#8221;, ka\u017ee jedan od vlasnika vile u Sirhanu.<\/p>\n","protected":false},"excerpt":{"rendered":"<p>Zbog pojave velikih \u0161umskih po\u017eara, Vlada S. Makedonije uvela je dvadeset\u010detvoro\u010dasovnu zabranu kretanja u \u0161umama i \u0161umskim podru\u010djima<\/p>\n","protected":false},"author":1,"featured_media":0,"comment_status":"open","ping_status":"closed","sticky":false,"template":"","format":"standard","meta":{"_seopress_robots_primary_cat":"","_seopress_titles_title":"","_seopress_titles_desc":"","_seopress_robots_index":"","_et_pb_use_builder":"","_et_pb_old_content":"","_et_gb_content_width":"","inline_featured_image":false,"footnotes":""},"categories":[14,12],"tags":[],"class_list":["post-263701","post","type-post","status-publish","format-standard","hentry","category-vijesti","category-prica-dana"],"_links":{"self":[{"href":"https:\/\/www.pcnen.com\/portal\/wp-json\/wp\/v2\/posts\/263701","targetHints":{"allow":["GET"]}}],"collection":[{"href":"https:\/\/www.pcnen.com\/portal\/wp-json\/wp\/v2\/posts"}],"about":[{"href":"https:\/\/www.pcnen.com\/portal\/wp-json\/wp\/v2\/types\/post"}],"author":[{"embeddable":true,"href":"https:\/\/www.pcnen.com\/portal\/wp-json\/wp\/v2\/users\/1"}],"replies":[{"embeddable":true,"href":"https:\/\/www.pcnen.com\/portal\/wp-json\/wp\/v2\/comments?post=263701"}],"version-history":[{"count":0,"href":"https:\/\/www.pcnen.com\/portal\/wp-json\/wp\/v2\/posts\/263701\/revisions"}],"wp:attachment":[{"href":"https:\/\/www.pcnen.com\/portal\/wp-json\/wp\/v2\/media?parent=263701"}],"wp:term":[{"taxonomy":"category","embeddable":true,"href":"https:\/\/www.pcnen.com\/portal\/wp-json\/wp\/v2\/categories?post=263701"},{"taxonomy":"post_tag","embeddable":true,"href":"https:\/\/www.pcnen.com\/portal\/wp-json\/wp\/v2\/tags?post=263701"}],"curies":[{"name":"wp","href":"https:\/\/api.w.org\/{rel}","templated":true}]}}