{"id":263638,"date":"2019-03-29T09:49:54","date_gmt":"2019-03-29T08:49:54","guid":{"rendered":"http:\/\/www.pcnen.com\/portal\/?p=263638"},"modified":"2019-03-29T11:16:37","modified_gmt":"2019-03-29T10:16:37","slug":"oduprise-97000-jutros-opkolili-institucije","status":"publish","type":"post","link":"https:\/\/www.pcnen.com\/portal\/2019\/03\/29\/oduprise-97000-jutros-opkolili-institucije\/","title":{"rendered":"&#8216;Oduprise \u2013 97000&#8217; jutros &#8216;opkolili&#8217;  institucije"},"content":{"rendered":"<p><img loading=\"lazy\" decoding=\"async\" src=\"http:\/\/www.pcnen.com\/portal\/wp-content\/uploads\/2019\/03\/odupri-se-performans-300x198.jpg\" alt=\"\" width=\"300\" height=\"198\" class=\"alignright size-medium wp-image-263639\" srcset=\"https:\/\/www.pcnen.com\/portal\/wp-content\/uploads\/2019\/03\/odupri-se-performans.jpg 300w, https:\/\/www.pcnen.com\/portal\/wp-content\/uploads\/2019\/03\/odupri-se-performans-235x155.jpg 235w, https:\/\/www.pcnen.com\/portal\/wp-content\/uploads\/2019\/03\/odupri-se-performans-75x50.jpg 75w, https:\/\/www.pcnen.com\/portal\/wp-content\/uploads\/2019\/03\/odupri-se-performans-220x145.jpg 220w\" sizes=\"(max-width: 300px) 100vw, 300px\" \/>Organizatori protesta &#8220;Odupri se &#8211; 97000&#8221; su jutros &#8216;opkolili&#8217; zgrade Vrhovnog dr\u017eavnog tu\u017eila\u0161tva, Vlade i Predsjedni\u0161tva.<br \/>\nU\u010desnici performana nose \u017eute prsluke sa natpisom &#8220;Odupri se&#8221;.<\/p>\n<p>Performans \u0107e trajati od 7 do 15 \u010dasova, koliko i radno vrijeme u ovim institucijama.<\/p>\n<p>Jedan od organizatora protesta Omer \u0160arki\u0107 jena Facebook napisao da se radi o nenasilnom otporu.<\/p>\n<p>Pokret &#8220;Odupri se &#8211; 97.000&#8221; za sjutra, 30. mart, u 18 \u010dasova je najavio novi protest na Trgu nezavisnosti u Podgorici, gdje \u0107e 39 poslanika opozicije potpisati &#8220;Sporazum o budu\u0107nosti&#8221; \u010dije su izmjene <a href=\"http:\/\/www.pcnen.com\/portal\/2019\/03\/27\/postignut-dogovor-za-buducnost-potpisi-u-subotu\/\">dogovorene u srijedu.<\/a><\/p>\n","protected":false},"excerpt":{"rendered":"<p>Organizatori protesta &#8220;Odupri se &#8211; 97000&#8221; su jutros &#8216;opkolili&#8217; zgrade Vrhovnog dr\u017eavnog tu\u017eila\u0161tva, Vlade i Predsjedni\u0161tva. U\u010desnici performana nose \u017eute prsluke sa natpisom &#8220;Odupri se&#8221;. Performans \u0107e trajati od 7 do 15 \u010dasova, koliko i radno vrijeme u ovim institucijama. Jedan od organizatora protesta Omer \u0160arki\u0107 jena Facebook napisao da se radi o nenasilnom otporu. [&hellip;]<\/p>\n","protected":false},"author":1,"featured_media":263639,"comment_status":"open","ping_status":"closed","sticky":false,"template":"","format":"standard","meta":{"_seopress_robots_primary_cat":"","_seopress_titles_title":"","_seopress_titles_desc":"","_seopress_robots_index":"","_et_pb_use_builder":"","_et_pb_old_content":"","_et_gb_content_width":"","inline_featured_image":false,"footnotes":""},"categories":[14,12],"tags":[],"class_list":["post-263638","post","type-post","status-publish","format-standard","has-post-thumbnail","hentry","category-vijesti","category-prica-dana"],"_links":{"self":[{"href":"https:\/\/www.pcnen.com\/portal\/wp-json\/wp\/v2\/posts\/263638","targetHints":{"allow":["GET"]}}],"collection":[{"href":"https:\/\/www.pcnen.com\/portal\/wp-json\/wp\/v2\/posts"}],"about":[{"href":"https:\/\/www.pcnen.com\/portal\/wp-json\/wp\/v2\/types\/post"}],"author":[{"embeddable":true,"href":"https:\/\/www.pcnen.com\/portal\/wp-json\/wp\/v2\/users\/1"}],"replies":[{"embeddable":true,"href":"https:\/\/www.pcnen.com\/portal\/wp-json\/wp\/v2\/comments?post=263638"}],"version-history":[{"count":0,"href":"https:\/\/www.pcnen.com\/portal\/wp-json\/wp\/v2\/posts\/263638\/revisions"}],"wp:featuredmedia":[{"embeddable":true,"href":"https:\/\/www.pcnen.com\/portal\/wp-json\/wp\/v2\/media\/263639"}],"wp:attachment":[{"href":"https:\/\/www.pcnen.com\/portal\/wp-json\/wp\/v2\/media?parent=263638"}],"wp:term":[{"taxonomy":"category","embeddable":true,"href":"https:\/\/www.pcnen.com\/portal\/wp-json\/wp\/v2\/categories?post=263638"},{"taxonomy":"post_tag","embeddable":true,"href":"https:\/\/www.pcnen.com\/portal\/wp-json\/wp\/v2\/tags?post=263638"}],"curies":[{"name":"wp","href":"https:\/\/api.w.org\/{rel}","templated":true}]}}