{"id":263619,"date":"2019-03-28T20:02:50","date_gmt":"2019-03-28T19:02:50","guid":{"rendered":"http:\/\/www.pcnen.com\/portal\/?p=263619"},"modified":"2019-03-28T20:02:50","modified_gmt":"2019-03-28T19:02:50","slug":"izvedena-direktna-akcija-odupri-se-biciklom","status":"publish","type":"post","link":"https:\/\/www.pcnen.com\/portal\/2019\/03\/28\/izvedena-direktna-akcija-odupri-se-biciklom\/","title":{"rendered":"Izvedena direktna akcija &#8216;Odupri se biciklom&#8217;"},"content":{"rendered":"<p><img loading=\"lazy\" decoding=\"async\" class=\"alignright size-medium wp-image-263620\" src=\"http:\/\/www.pcnen.com\/portal\/wp-content\/uploads\/2019\/03\/Odupri-se-biciklom-300x225.jpg\" alt=\"\" width=\"300\" height=\"225\" \/>Duvaju\u0107i u pi\u0161taljke, obu\u010deni u fluoroscentne prsluke na kojima je pisalo &#8216;Odupri se&#8217; i sa bed\u017eevima gra\u0111anskog protesta, grupa od tridesetak gra\u0111ana i gra\u0111anki, ve\u0107inom mla\u0111ih, provozala se ve\u010deras biciklima Podgoricom, koriste\u0107i uglavnom biciklisti\u010dke staze.<\/p>\n<p>Ova akcija ogla\u0161ena je na FB stranici <a href=\"https:\/\/www.facebook.com\/events\/315088002513891\/\">&#8216;Odupri se biciklom&#8217;.<\/a><\/p>\n<p>\u201cPozivamo gra\u0111ane koje vole vo\u017enju biciklom, a ne vole ovakav sistem, ovakve &#8216;institucije&#8217;, ovakvog predsjednika i premijera, ovakve &#8216;izbore&#8217; i partije, da se biciklima okupe u \u010detvrtak u 17:30 \u010dasova na po\u010detku Ulice slobode, kod Po\u0161te. Odatle kre\u0107emo u #oduprise vo\u017enju ulicama grada! Za sve u\u010desnike obezbije\u0111eni su fluroscentni prsluci i bed\u017eevi &#8216;Odupri se&#8217; a ukoliko \u017eelite ponesite i pi\u0161taljke\u201c, pisalo je u poruci.<\/p>\n","protected":false},"excerpt":{"rendered":"<p>Duvaju\u0107i u pi\u0161taljke, obu\u010deni u fluoroscentne prsluke na kojima je pisalo &#8216;Odupri se&#8217; i sa bed\u017eevima gra\u0111anskog protesta, grupa od tridesetak gra\u0111ana i gra\u0111anki, ve\u0107inom mla\u0111ih, provozala se ve\u010deras biciklima Podgoricom, koriste\u0107i uglavnom biciklisti\u010dke staze. Ova akcija ogla\u0161ena je na FB stranici &#8216;Odupri se biciklom&#8217;. \u201cPozivamo gra\u0111ane koje vole vo\u017enju biciklom, a ne vole ovakav [&hellip;]<\/p>\n","protected":false},"author":1,"featured_media":0,"comment_status":"open","ping_status":"closed","sticky":false,"template":"","format":"standard","meta":{"_seopress_robots_primary_cat":"","_seopress_titles_title":"","_seopress_titles_desc":"","_seopress_robots_index":"","_et_pb_use_builder":"","_et_pb_old_content":"","_et_gb_content_width":"","inline_featured_image":false,"footnotes":""},"categories":[14,12],"tags":[],"class_list":["post-263619","post","type-post","status-publish","format-standard","hentry","category-vijesti","category-prica-dana"],"_links":{"self":[{"href":"https:\/\/www.pcnen.com\/portal\/wp-json\/wp\/v2\/posts\/263619","targetHints":{"allow":["GET"]}}],"collection":[{"href":"https:\/\/www.pcnen.com\/portal\/wp-json\/wp\/v2\/posts"}],"about":[{"href":"https:\/\/www.pcnen.com\/portal\/wp-json\/wp\/v2\/types\/post"}],"author":[{"embeddable":true,"href":"https:\/\/www.pcnen.com\/portal\/wp-json\/wp\/v2\/users\/1"}],"replies":[{"embeddable":true,"href":"https:\/\/www.pcnen.com\/portal\/wp-json\/wp\/v2\/comments?post=263619"}],"version-history":[{"count":0,"href":"https:\/\/www.pcnen.com\/portal\/wp-json\/wp\/v2\/posts\/263619\/revisions"}],"wp:attachment":[{"href":"https:\/\/www.pcnen.com\/portal\/wp-json\/wp\/v2\/media?parent=263619"}],"wp:term":[{"taxonomy":"category","embeddable":true,"href":"https:\/\/www.pcnen.com\/portal\/wp-json\/wp\/v2\/categories?post=263619"},{"taxonomy":"post_tag","embeddable":true,"href":"https:\/\/www.pcnen.com\/portal\/wp-json\/wp\/v2\/tags?post=263619"}],"curies":[{"name":"wp","href":"https:\/\/api.w.org\/{rel}","templated":true}]}}