{"id":263606,"date":"2019-03-28T12:16:33","date_gmt":"2019-03-28T11:16:33","guid":{"rendered":"http:\/\/www.pcnen.com\/portal\/?p=263606"},"modified":"2020-08-06T20:46:04","modified_gmt":"2020-08-06T18:46:04","slug":"zapaljena-prodavnica-beranca-hrvatske-nacionalnosti","status":"publish","type":"post","link":"https:\/\/www.pcnen.com\/portal\/2019\/03\/28\/zapaljena-prodavnica-beranca-hrvatske-nacionalnosti\/","title":{"rendered":"Zapaljena prodavnica Beranca hrvatske nacionalnosti"},"content":{"rendered":"<p>Policija je, kako javlja portal Vijesti, jutros privela nekoliko osoba, koji su pu\u0161teni nakon kriminalisti\u010dke obrade.<\/p>\n<p>Beranac Igor Tomki\u0107 ranije ovog mjeseca pretu\u010den je, a Milo\u0161 Radevi\u0107 (25) i Novak Petri\u0107 (19) iz Berana su u pritvoru zbog sumnje da su Tomki\u0107u nanijeli te\u0161ke tjelesne povrede.<\/p>\n<p>Tomki\u0107 je hrvatske nacionalnosti i medijima je izjavio da \u201cve\u0107 godinu do godinu i po dana trpi maltretiranja grupe mladi\u0107a iz tog naselja ( Dolac) po tom osnovu, kao i da mu upadaju u prodavnicu i nasr\u0107u na ku\u0107u\u201c.<\/p>\n","protected":false},"excerpt":{"rendered":"<p>Prodavnica u vlasni\u0161tvu Igora Tomki\u0107a, u beranskom naselju Dolac, stradala je u po\u017earu koji je oko dva sata iza pono\u0107i izbio u tom objektu.<\/p>\n","protected":false},"author":1,"featured_media":0,"comment_status":"open","ping_status":"closed","sticky":false,"template":"","format":"standard","meta":{"_seopress_robots_primary_cat":"","_seopress_titles_title":"","_seopress_titles_desc":"","_seopress_robots_index":"","_et_pb_use_builder":"","_et_pb_old_content":"","_et_gb_content_width":"","inline_featured_image":false,"footnotes":""},"categories":[14,12],"tags":[],"class_list":["post-263606","post","type-post","status-publish","format-standard","hentry","category-vijesti","category-prica-dana"],"_links":{"self":[{"href":"https:\/\/www.pcnen.com\/portal\/wp-json\/wp\/v2\/posts\/263606","targetHints":{"allow":["GET"]}}],"collection":[{"href":"https:\/\/www.pcnen.com\/portal\/wp-json\/wp\/v2\/posts"}],"about":[{"href":"https:\/\/www.pcnen.com\/portal\/wp-json\/wp\/v2\/types\/post"}],"author":[{"embeddable":true,"href":"https:\/\/www.pcnen.com\/portal\/wp-json\/wp\/v2\/users\/1"}],"replies":[{"embeddable":true,"href":"https:\/\/www.pcnen.com\/portal\/wp-json\/wp\/v2\/comments?post=263606"}],"version-history":[{"count":1,"href":"https:\/\/www.pcnen.com\/portal\/wp-json\/wp\/v2\/posts\/263606\/revisions"}],"predecessor-version":[{"id":298925,"href":"https:\/\/www.pcnen.com\/portal\/wp-json\/wp\/v2\/posts\/263606\/revisions\/298925"}],"wp:attachment":[{"href":"https:\/\/www.pcnen.com\/portal\/wp-json\/wp\/v2\/media?parent=263606"}],"wp:term":[{"taxonomy":"category","embeddable":true,"href":"https:\/\/www.pcnen.com\/portal\/wp-json\/wp\/v2\/categories?post=263606"},{"taxonomy":"post_tag","embeddable":true,"href":"https:\/\/www.pcnen.com\/portal\/wp-json\/wp\/v2\/tags?post=263606"}],"curies":[{"name":"wp","href":"https:\/\/api.w.org\/{rel}","templated":true}]}}