{"id":263516,"date":"2019-03-26T21:04:47","date_gmt":"2019-03-26T20:04:47","guid":{"rendered":"http:\/\/www.pcnen.com\/portal\/?p=263516"},"modified":"2019-03-26T21:05:43","modified_gmt":"2019-03-26T20:05:43","slug":"krajem-dana-i-tokom-noci-vjetar-ce-biti-olujne-jacine","status":"publish","type":"post","link":"https:\/\/www.pcnen.com\/portal\/2019\/03\/26\/krajem-dana-i-tokom-noci-vjetar-ce-biti-olujne-jacine\/","title":{"rendered":"Krajem dana i tokom no\u0107i vjetar \u0107e biti olujne ja\u010dine"},"content":{"rendered":"<p><img loading=\"lazy\" decoding=\"async\" class=\"alignright size-medium wp-image-219757\" src=\"http:\/\/www.pcnen.com\/portal\/wp-content\/uploads\/2017\/01\/vjetroenergija-300x148.jpg\" alt=\"\" width=\"300\" height=\"148\" \/>U srijedu \u0107e u Crnoj Gori biti promjenljivo obla\u010dno sa du\u017eim sun\u010danim intervalima i uglavnom suvo.<\/p>\n<p>Vjetar sjeverni i sjeveroisto\u010dni bi\u0107e umjeren do jak, a na udare veoma jak. Krajem dana i tokom no\u0107i vjetar \u0107e bi olujne ja\u010dine.<\/p>\n<p>Jutarnja temperatura vazduha bi\u0107e u rasponu od -4 do 10, a najvi\u0161a dnevna 1 do 19 stepeni.<\/p>\n<p>U Podgorici \u0107e biti malo do umjereno obla\u010dno sa sun\u010danim intervalima. Sjeveroisto\u010dnjak \u0107e biti \u00a0poja\u010dan i jak, a na udare veoma jak. Jutarnja temperatura vazduha bi\u0107e oko 9, a najvi\u0161a dnevna oko 17 stepeni.<\/p>\n<p><a href=\"http:\/\/www.meteo.co.me\/misc.php?text=121&amp;sektor=1&amp;grad=HER\">Prognoza za ostale gradove.<\/a><\/p>\n","protected":false},"excerpt":{"rendered":"<p>U srijedu \u0107e biti promjenljivo obla\u010dno sa du\u017eim sun\u010danim intervalima i uglavnom suvo<\/p>\n","protected":false},"author":1,"featured_media":0,"comment_status":"open","ping_status":"closed","sticky":false,"template":"","format":"standard","meta":{"_seopress_robots_primary_cat":"","_seopress_titles_title":"","_seopress_titles_desc":"","_seopress_robots_index":"","_et_pb_use_builder":"","_et_pb_old_content":"","_et_gb_content_width":"","inline_featured_image":false,"footnotes":""},"categories":[14,12],"tags":[],"class_list":["post-263516","post","type-post","status-publish","format-standard","hentry","category-vijesti","category-prica-dana"],"_links":{"self":[{"href":"https:\/\/www.pcnen.com\/portal\/wp-json\/wp\/v2\/posts\/263516","targetHints":{"allow":["GET"]}}],"collection":[{"href":"https:\/\/www.pcnen.com\/portal\/wp-json\/wp\/v2\/posts"}],"about":[{"href":"https:\/\/www.pcnen.com\/portal\/wp-json\/wp\/v2\/types\/post"}],"author":[{"embeddable":true,"href":"https:\/\/www.pcnen.com\/portal\/wp-json\/wp\/v2\/users\/1"}],"replies":[{"embeddable":true,"href":"https:\/\/www.pcnen.com\/portal\/wp-json\/wp\/v2\/comments?post=263516"}],"version-history":[{"count":0,"href":"https:\/\/www.pcnen.com\/portal\/wp-json\/wp\/v2\/posts\/263516\/revisions"}],"wp:attachment":[{"href":"https:\/\/www.pcnen.com\/portal\/wp-json\/wp\/v2\/media?parent=263516"}],"wp:term":[{"taxonomy":"category","embeddable":true,"href":"https:\/\/www.pcnen.com\/portal\/wp-json\/wp\/v2\/categories?post=263516"},{"taxonomy":"post_tag","embeddable":true,"href":"https:\/\/www.pcnen.com\/portal\/wp-json\/wp\/v2\/tags?post=263516"}],"curies":[{"name":"wp","href":"https:\/\/api.w.org\/{rel}","templated":true}]}}