{"id":26351,"date":"2008-10-16T21:10:19","date_gmt":"2008-10-16T21:10:19","guid":{"rendered":"http:\/\/www.pcnen.com\/portal\/?p=26351"},"modified":"2008-10-16T21:10:19","modified_gmt":"2008-10-16T21:10:19","slug":"spanski-sudija-pokrenuo-istragu-o-frankovim-zlocinima","status":"publish","type":"post","link":"https:\/\/www.pcnen.com\/portal\/2008\/10\/16\/spanski-sudija-pokrenuo-istragu-o-frankovim-zlocinima\/","title":{"rendered":"\u0160panski sudija pokrenuo istragu o Frankovim zlo\u010dinima"},"content":{"rendered":"<p>&Scaron;panski sudija Baltazar Garson pokrenuo je krivi\u010dnu istragu o sudbini vi&scaron;e desetina hiljada ljudi nestalih tokom gra\u0111anskog rata za vrijeme diktature Franciska Franka. <\/p>\n<p>Garson, jedan od vode\u0107ih istra\u017enih sudija u &Scaron;paniji, tako\u0111e je naredio otvaranje nekoliko masovnih grobnica iz tog perioda. Kako se vjeruje, u jednoj od tih grobnica, nalaze se posmrtni ostaci i \u010duvenog &scaron;panskog pjesnika Federika Garsije Lorke, kojeg su fa&scaron;isti ubili po\u010detkom rata vo\u0111enog 30-ih godina pro&scaron;log vijeka. <\/p>\n<p>U obrazlo\u017eenju odluke, sudija Garson je rekao da su prisilni nestanci predstavljali zlo\u010din protiv \u010dovje\u010dnosti, koji nije zastareo. &Scaron;panski sudija dodao je i da \u017eeli da identifikuje lidere fa&scaron;isti\u010dkog pokreta Falanga, aktivnih od jula 1936. do decembra 1951. godine, kako bi se oni koji su jo&scaron; \u017eivi na&scaron;li pred sudom.<\/p>\n<p>Potez sudije Garsona, mogao bi da izazove polemike u &Scaron;paniji, gdje postoji pre\u0107utni dogovor me\u0111u politi\u010dkim partijama da se previ&scaron;e ne udubljuju u de&scaron;avanja iz doba gra\u0111anskog rata i Frankove ere, naveo je <em>BBC<\/em>. <\/p>\n","protected":false},"excerpt":{"rendered":"<p>&Scaron;panski sudija Baltazar Garson pokrenuo je krivi\u010dnu istragu o sudbini vi&scaron;e desetina hiljada ljudi nestalih tokom gra\u0111anskog rata za vrijeme diktature Franciska Franka. Garson, jedan od vode\u0107ih istra\u017enih sudija u &Scaron;paniji, tako\u0111e je naredio otvaranje nekoliko masovnih grobnica iz tog perioda. Kako se vjeruje, u jednoj od tih grobnica, nalaze se posmrtni ostaci i \u010duvenog [&hellip;]<\/p>\n","protected":false},"author":1,"featured_media":0,"comment_status":"open","ping_status":"closed","sticky":false,"template":"","format":"standard","meta":{"_seopress_robots_primary_cat":"","_seopress_titles_title":"","_seopress_titles_desc":"","_seopress_robots_index":"","_et_pb_use_builder":"","_et_pb_old_content":"","_et_gb_content_width":"","inline_featured_image":false,"footnotes":""},"categories":[14],"tags":[],"class_list":["post-26351","post","type-post","status-publish","format-standard","hentry","category-vijesti"],"_links":{"self":[{"href":"https:\/\/www.pcnen.com\/portal\/wp-json\/wp\/v2\/posts\/26351","targetHints":{"allow":["GET"]}}],"collection":[{"href":"https:\/\/www.pcnen.com\/portal\/wp-json\/wp\/v2\/posts"}],"about":[{"href":"https:\/\/www.pcnen.com\/portal\/wp-json\/wp\/v2\/types\/post"}],"author":[{"embeddable":true,"href":"https:\/\/www.pcnen.com\/portal\/wp-json\/wp\/v2\/users\/1"}],"replies":[{"embeddable":true,"href":"https:\/\/www.pcnen.com\/portal\/wp-json\/wp\/v2\/comments?post=26351"}],"version-history":[{"count":0,"href":"https:\/\/www.pcnen.com\/portal\/wp-json\/wp\/v2\/posts\/26351\/revisions"}],"wp:attachment":[{"href":"https:\/\/www.pcnen.com\/portal\/wp-json\/wp\/v2\/media?parent=26351"}],"wp:term":[{"taxonomy":"category","embeddable":true,"href":"https:\/\/www.pcnen.com\/portal\/wp-json\/wp\/v2\/categories?post=26351"},{"taxonomy":"post_tag","embeddable":true,"href":"https:\/\/www.pcnen.com\/portal\/wp-json\/wp\/v2\/tags?post=26351"}],"curies":[{"name":"wp","href":"https:\/\/api.w.org\/{rel}","templated":true}]}}