{"id":263508,"date":"2019-03-26T18:34:09","date_gmt":"2019-03-26T17:34:09","guid":{"rendered":"http:\/\/www.pcnen.com\/portal\/?p=263508"},"modified":"2020-03-10T19:29:34","modified_gmt":"2020-03-10T18:29:34","slug":"rtcg-pokrenut-disciplinski-postupak-protiv-urednika-lekovica","status":"publish","type":"post","link":"https:\/\/www.pcnen.com\/portal\/2019\/03\/26\/rtcg-pokrenut-disciplinski-postupak-protiv-urednika-lekovica\/","title":{"rendered":"RTCG: Pokrenut disciplinski postupak protiv urednika Lekovi\u0107a"},"content":{"rendered":"<p>Menad\u017ement TVCG je pokrenuo disciplinski postupak protiv urednika Vukomana Zorana Lekovi\u0107a, koji je odbio da ure\u0111uje i vodi emisiju &#8216;Okvir&#8217;, za koju su mu tema i gosti bili odabrani\u00a0 mimo njegove saglasnosti.<\/p>\n<p>\u201cKrenuo je finalni obra\u010dun menad\u017ementa sa mnom, uz krajnji cilj otkaz. Al zna se \u0161ta je istina a kome su kratke noge. Pokrenut je disciplinski postupak i to u trenutku kada sam zbog bolesti oca i njegove njege na bolovanju. Naravno ovo je sve na raspolaganju medijima, kao \u0161to sam obe\u0107ao uz advokatski tim u postupak \u0107u uklju\u010diti delegaciju EU u Podgorici i CG javnost, kao i nadle\u017eno ministarstvo\u201c, <a href=\"https:\/\/www.facebook.com\/zoran.lekovic.33\">napisao je Lekovi\u0107 na svojoj FB stranici.<\/a><\/p>\n<p>Emisija koju je Lekovi\u0107 <a href=\"http:\/\/www.pcnen.com\/portal\/2019\/03\/14\/lekovic-obracanje-i-poziv-da-se-sprijeci-brukanje-rtcg\/\">odbio da vodi<\/a> bila je posve\u0107ena su\u0111enju za navodni poku\u0161aj dr\u017eavnog udara. Emisija je, ina\u010de, koncipirana tako da se isklju\u010divo bavi ekonomskim i socijalnim temama.<\/p>\n<p>Od \u010detvoro gostiju u studiju, troje je bilo iz Beograda.<\/p>\n<p><iframe loading=\"lazy\" title=\"OKVIR\" width=\"1080\" height=\"810\" src=\"https:\/\/www.youtube.com\/embed\/kwV86epPJ8s?feature=oembed\" frameborder=\"0\" allow=\"accelerometer; autoplay; clipboard-write; encrypted-media; gyroscope; picture-in-picture; web-share\" allowfullscreen><\/iframe><\/p>\n","protected":false},"excerpt":{"rendered":"<p>Lekovi\u0107 je odbio da ure\u0111uje i vodi emisiju &#8216;Okvir&#8217;, za koju su mu tema i gosti odabrani mimo njegove saglasnosti<\/p>\n","protected":false},"author":1,"featured_media":0,"comment_status":"open","ping_status":"closed","sticky":false,"template":"","format":"standard","meta":{"_seopress_robots_primary_cat":"","_seopress_titles_title":"","_seopress_titles_desc":"","_seopress_robots_index":"","_et_pb_use_builder":"","_et_pb_old_content":"","_et_gb_content_width":"","inline_featured_image":false,"footnotes":""},"categories":[14,12],"tags":[],"class_list":["post-263508","post","type-post","status-publish","format-standard","hentry","category-vijesti","category-prica-dana"],"_links":{"self":[{"href":"https:\/\/www.pcnen.com\/portal\/wp-json\/wp\/v2\/posts\/263508","targetHints":{"allow":["GET"]}}],"collection":[{"href":"https:\/\/www.pcnen.com\/portal\/wp-json\/wp\/v2\/posts"}],"about":[{"href":"https:\/\/www.pcnen.com\/portal\/wp-json\/wp\/v2\/types\/post"}],"author":[{"embeddable":true,"href":"https:\/\/www.pcnen.com\/portal\/wp-json\/wp\/v2\/users\/1"}],"replies":[{"embeddable":true,"href":"https:\/\/www.pcnen.com\/portal\/wp-json\/wp\/v2\/comments?post=263508"}],"version-history":[{"count":1,"href":"https:\/\/www.pcnen.com\/portal\/wp-json\/wp\/v2\/posts\/263508\/revisions"}],"predecessor-version":[{"id":286017,"href":"https:\/\/www.pcnen.com\/portal\/wp-json\/wp\/v2\/posts\/263508\/revisions\/286017"}],"wp:attachment":[{"href":"https:\/\/www.pcnen.com\/portal\/wp-json\/wp\/v2\/media?parent=263508"}],"wp:term":[{"taxonomy":"category","embeddable":true,"href":"https:\/\/www.pcnen.com\/portal\/wp-json\/wp\/v2\/categories?post=263508"},{"taxonomy":"post_tag","embeddable":true,"href":"https:\/\/www.pcnen.com\/portal\/wp-json\/wp\/v2\/tags?post=263508"}],"curies":[{"name":"wp","href":"https:\/\/api.w.org\/{rel}","templated":true}]}}