{"id":263493,"date":"2019-03-26T13:08:38","date_gmt":"2019-03-26T12:08:38","guid":{"rendered":"http:\/\/www.pcnen.com\/portal\/?p=263493"},"modified":"2019-03-26T13:08:38","modified_gmt":"2019-03-26T12:08:38","slug":"fscg-ako-se-dokaze-da-je-bilo-rasizma-neodgovorni-ce-biti-kaznjeni","status":"publish","type":"post","link":"https:\/\/www.pcnen.com\/portal\/2019\/03\/26\/fscg-ako-se-dokaze-da-je-bilo-rasizma-neodgovorni-ce-biti-kaznjeni\/","title":{"rendered":"FSCG: Ako se doka\u017ee da je bilo rasizma, neodgovorni \u0107e biti ka\u017enjeni"},"content":{"rendered":"<p><img loading=\"lazy\" decoding=\"async\" src=\"http:\/\/www.pcnen.com\/portal\/wp-content\/uploads\/2015\/12\/fscg-logo.png\" alt=\"\" width=\"214\" height=\"235\" class=\"alignright size-full wp-image-195422\" \/>Nakon te\u0161kih optu\u017ebi i <a href=\"http:\/\/www.pcnen.com\/portal\/2019\/03\/26\/engleska-podnosi-prijavu-protiv-cg-za-rasizam\/\">pokretanja istrage UEFA zbog rasisti\u010dkog<\/a> pona\u0161anja navija\u010da na utakmici sa Engleskom, oglasio se Fudbalski savez Crne Gore.<\/p>\n<p>U saop\u0161tenju je navedeno da \u0107e UEFA &#8220;izme\u0111u ostalog, tokom disciplinskog postupka istra\u017eiti detalje vezane za navodno pojedina\u010dno rasisti\u010dko pona\u0161anje minornog dijela navija\u010da reprezentacije Crne Gore koje je delegatu utakmice prijavljeno od strane predstavnika Fudbalskog saveza Engleske&#8221;.<\/p>\n<p>&#8220;Po\u0161tuju\u0107i pravila postupka ne\u0107emo komentarisati navode predstavnika Fudbalskog saveza Engleske, ve\u0107 \u0107emo prepustiti nadle\u017enim organima UEFA da donesu odluku na osnovu relevantnih dokaza tokom vo\u0111enja disciplinskog postupka&#8221;, stoji u saop\u0161tenju, prenosi portal Vijesti.<\/p>\n<p>&#8220;Fudbalski savez \u0107e, ukoliko se u daljem postupku doka\u017ee rasisti\u010dko pona\u0161anje na stadionu, preduzeti sve neophodne mjere da identifikuje neodgovorne pojedince koji su eventualno izazvali takvo pona\u0161anje i istima \u0107e biti zabranjen pristup stadionu na svim utakmicama u organizaciji saveza&#8221;, stoji u saop\u0161tenju.<\/p>\n","protected":false},"excerpt":{"rendered":"<p>Nakon te\u0161kih optu\u017ebi i pokretanja istrage UEFA zbog rasisti\u010dkog pona\u0161anja navija\u010da na utakmici sa Engleskom, oglasio se Fudbalski savez Crne Gore. U saop\u0161tenju je navedeno da \u0107e UEFA &#8220;izme\u0111u ostalog, tokom disciplinskog postupka istra\u017eiti detalje vezane za navodno pojedina\u010dno rasisti\u010dko pona\u0161anje minornog dijela navija\u010da reprezentacije Crne Gore koje je delegatu utakmice prijavljeno od strane predstavnika [&hellip;]<\/p>\n","protected":false},"author":1,"featured_media":0,"comment_status":"open","ping_status":"closed","sticky":false,"template":"","format":"standard","meta":{"_seopress_robots_primary_cat":"","_seopress_titles_title":"","_seopress_titles_desc":"","_seopress_robots_index":"","_et_pb_use_builder":"","_et_pb_old_content":"","_et_gb_content_width":"","inline_featured_image":false,"footnotes":""},"categories":[14],"tags":[],"class_list":["post-263493","post","type-post","status-publish","format-standard","hentry","category-vijesti"],"_links":{"self":[{"href":"https:\/\/www.pcnen.com\/portal\/wp-json\/wp\/v2\/posts\/263493","targetHints":{"allow":["GET"]}}],"collection":[{"href":"https:\/\/www.pcnen.com\/portal\/wp-json\/wp\/v2\/posts"}],"about":[{"href":"https:\/\/www.pcnen.com\/portal\/wp-json\/wp\/v2\/types\/post"}],"author":[{"embeddable":true,"href":"https:\/\/www.pcnen.com\/portal\/wp-json\/wp\/v2\/users\/1"}],"replies":[{"embeddable":true,"href":"https:\/\/www.pcnen.com\/portal\/wp-json\/wp\/v2\/comments?post=263493"}],"version-history":[{"count":0,"href":"https:\/\/www.pcnen.com\/portal\/wp-json\/wp\/v2\/posts\/263493\/revisions"}],"wp:attachment":[{"href":"https:\/\/www.pcnen.com\/portal\/wp-json\/wp\/v2\/media?parent=263493"}],"wp:term":[{"taxonomy":"category","embeddable":true,"href":"https:\/\/www.pcnen.com\/portal\/wp-json\/wp\/v2\/categories?post=263493"},{"taxonomy":"post_tag","embeddable":true,"href":"https:\/\/www.pcnen.com\/portal\/wp-json\/wp\/v2\/tags?post=263493"}],"curies":[{"name":"wp","href":"https:\/\/api.w.org\/{rel}","templated":true}]}}