{"id":263487,"date":"2019-03-26T11:40:23","date_gmt":"2019-03-26T10:40:23","guid":{"rendered":"http:\/\/www.pcnen.com\/portal\/?p=263487"},"modified":"2019-03-26T13:27:05","modified_gmt":"2019-03-26T12:27:05","slug":"engleska-podnijela-prijavu-protiv-cg-za-rasizam","status":"publish","type":"post","link":"https:\/\/www.pcnen.com\/portal\/2019\/03\/26\/engleska-podnijela-prijavu-protiv-cg-za-rasizam\/","title":{"rendered":"Engleska podnijela prijavu protiv CG za rasizam"},"content":{"rendered":"<p><img loading=\"lazy\" decoding=\"async\" src=\"http:\/\/www.pcnen.com\/portal\/wp-content\/uploads\/2019\/03\/raheem_sterling-300x181.jpg\" alt=\"\" width=\"300\" height=\"181\" class=\"alignright size-medium wp-image-263490\" srcset=\"https:\/\/www.pcnen.com\/portal\/wp-content\/uploads\/2019\/03\/raheem_sterling.jpg 300w, https:\/\/www.pcnen.com\/portal\/wp-content\/uploads\/2019\/03\/raheem_sterling-235x142.jpg 235w, https:\/\/www.pcnen.com\/portal\/wp-content\/uploads\/2019\/03\/raheem_sterling-75x45.jpg 75w, https:\/\/www.pcnen.com\/portal\/wp-content\/uploads\/2019\/03\/raheem_sterling-220x133.jpg 220w\" sizes=\"(max-width: 300px) 100vw, 300px\" \/>Igra\u010di Rahim Sterling i Kalum Hadson-Odoi osudili su &#8220;neprihvatljivo&#8221; rasisti\u010dko skandiranje fudbalerima Engleske tokom utakmice u Podgorici.<\/p>\n<p>Igra\u010di Rahim Sterling i Kalum Hadson-Odoi osudili su &#8220;neprihvatljivo&#8221; rasisti\u010dko pona\u0161anje prema fudbalerima Engleske tokom ju\u010dera\u0161nje utakmice u Podgorici.<\/p>\n<p>Tokom kvalifikacija za Evropsko prvenstvo 2020 rasisti\u010dko skandiranje upu\u0107eno je brojnim igra\u010dima Engleske, uklju\u010duju\u0107i Denija Rouza, prenosi <a href=\"https:\/\/www.bbc.com\/serbian\/lat\/svet-47704135\">BBC News na srpskom.<\/a><\/p>\n<p>Menad\u017eer Garet Sautgejt je rekao da \u0107e incidenti biti prijavljeni organizaciji UEFA.<\/p>\n<p>&#8220;To je neprihvatljivo. Definitivno sam \u010duo uvrede upu\u0107ene Deniju Rouzu kada je dobio \u017euti karton&#8221;, izjavio je Sautgejt.<\/p>\n<p>On je u razgovoru za BBC Radio 5 rekao da nema &#8220;truknu sumnje oko toga da li se ovo desilo.&#8221;<\/p>\n<p>&#8220;Znam \u0161ta sam \u010duo. Moramo biti sigurni da na\u0161i igra\u010di osje\u0107aju da imaju podr\u0161ku, da znaju da smo mi kao tim uz njih.<\/p>\n<p>Moramo da prijavimo incident kroz prave kanale. Jasno je da je jako puno ljudi \u010dulo uvrede&#8221;, izjavio je Sautgejt. <\/p>\n<p>Poslije \u0161est minuta utakmice, komentator Ian Denis sa BBC Radija 5 je rekao da je \u010duo rasisti\u010dke uvrede kada je Rouz, igra\u010d Totenhema, preuzeo loptu.<\/p>\n<p>BBC sportski dopisnik D\u017eon Marej je tako\u0111e izjavio da je \u010duo skandiranje tokom utakmice i razgovarao sa fotografima na terenu koji su uvrede upu\u0107ene igra\u010dima Engleske opisali kao &#8220;odvratne&#8221;.<\/p>\n<p>Sterling je postigao peti gol za tim Engleske u 81. minutu i u znak slavlja stavio dlanove iza u\u0161iju, a kasnije objasnio da je ovaj gest bio odgovor na rasisti\u010dko skandiranje sa tribina.<\/p>\n<p>Tokom tajmauta, Rouz je dobio \u017euti karton poslije grube igre sa Aleksandrom Boljevi\u0107em, kada je opet bio meta rasisti\u010dkog skandiranja.<\/p>\n<p>Rouzu ovo nije prvi put da se suo\u010dava sa rasizmom sa tribina.<\/p>\n<p>Rasisti\u010dke komentare \u010duo je i u Srbiji 2012. tokom Evropskom prvenstvu u fubalu za mla\u0111e od 21 godine.<\/p>\n<p>Fudbalski savez Srbije ka\u017enjen je sa 65.000 funti, a tim je jednu utakmicu igrao bez publike.<\/p>\n<p><strong>UEFA je otvorila disciplinski postupak protiv Crne Gore zbog rasisti\u010dkog pon\u0161anja navija\u010da na utakmici kvalifikacija za Euro 2020 sa Engleskom u ponedjeljak ve\u010de.<\/strong><\/p>\n","protected":false},"excerpt":{"rendered":"<p>Igra\u010di Rahim Sterling i Kalum Hadson-Odoi osudili su &#8220;neprihvatljivo&#8221; rasisti\u010dko skandiranje fudbalerima Engleske tokom utakmice u Podgorici. Igra\u010di Rahim Sterling i Kalum Hadson-Odoi osudili su &#8220;neprihvatljivo&#8221; rasisti\u010dko pona\u0161anje prema fudbalerima Engleske tokom ju\u010dera\u0161nje utakmice u Podgorici. Tokom kvalifikacija za Evropsko prvenstvo 2020 rasisti\u010dko skandiranje upu\u0107eno je brojnim igra\u010dima Engleske, uklju\u010duju\u0107i Denija Rouza, prenosi BBC News [&hellip;]<\/p>\n","protected":false},"author":1,"featured_media":263490,"comment_status":"open","ping_status":"closed","sticky":false,"template":"","format":"standard","meta":{"_seopress_robots_primary_cat":"","_seopress_titles_title":"","_seopress_titles_desc":"","_seopress_robots_index":"","_et_pb_use_builder":"","_et_pb_old_content":"","_et_gb_content_width":"","inline_featured_image":false,"footnotes":""},"categories":[14,12],"tags":[],"class_list":["post-263487","post","type-post","status-publish","format-standard","has-post-thumbnail","hentry","category-vijesti","category-prica-dana"],"_links":{"self":[{"href":"https:\/\/www.pcnen.com\/portal\/wp-json\/wp\/v2\/posts\/263487","targetHints":{"allow":["GET"]}}],"collection":[{"href":"https:\/\/www.pcnen.com\/portal\/wp-json\/wp\/v2\/posts"}],"about":[{"href":"https:\/\/www.pcnen.com\/portal\/wp-json\/wp\/v2\/types\/post"}],"author":[{"embeddable":true,"href":"https:\/\/www.pcnen.com\/portal\/wp-json\/wp\/v2\/users\/1"}],"replies":[{"embeddable":true,"href":"https:\/\/www.pcnen.com\/portal\/wp-json\/wp\/v2\/comments?post=263487"}],"version-history":[{"count":0,"href":"https:\/\/www.pcnen.com\/portal\/wp-json\/wp\/v2\/posts\/263487\/revisions"}],"wp:featuredmedia":[{"embeddable":true,"href":"https:\/\/www.pcnen.com\/portal\/wp-json\/wp\/v2\/media\/263490"}],"wp:attachment":[{"href":"https:\/\/www.pcnen.com\/portal\/wp-json\/wp\/v2\/media?parent=263487"}],"wp:term":[{"taxonomy":"category","embeddable":true,"href":"https:\/\/www.pcnen.com\/portal\/wp-json\/wp\/v2\/categories?post=263487"},{"taxonomy":"post_tag","embeddable":true,"href":"https:\/\/www.pcnen.com\/portal\/wp-json\/wp\/v2\/tags?post=263487"}],"curies":[{"name":"wp","href":"https:\/\/api.w.org\/{rel}","templated":true}]}}