{"id":263460,"date":"2019-03-25T21:43:05","date_gmt":"2019-03-25T20:43:05","guid":{"rendered":"http:\/\/www.pcnen.com\/portal\/?p=263460"},"modified":"2019-03-25T21:43:05","modified_gmt":"2019-03-25T20:43:05","slug":"zahladenje","status":"publish","type":"post","link":"https:\/\/www.pcnen.com\/portal\/2019\/03\/25\/zahladenje\/","title":{"rendered":"Zahla\u0111enje"},"content":{"rendered":"<p><img loading=\"lazy\" decoding=\"async\" class=\"alignright  wp-image-74437\" src=\"http:\/\/www.pcnen.com\/portal\/wp-content\/uploads\/2012\/02\/snijeg-ilustracija-300x225.jpg\" alt=\"\" width=\"243\" height=\"182\" \/>Umjereno do potpuno obla\u010dno bi\u0107e u Crnoj Gori u utorak. Uglavnom u sjevernim i zapadnim krajevima mjestimi\u010dno \u0107e padati slaba ki\u0161a, a na sjeveru i snijeg i susnje\u017eica.<\/p>\n<p>Vjetar sjeverni i sjeveroisto\u010dni \u0107e biti mjestimi\u010dno umjeren do jak, a poja\u010dava\u0107e tokom no\u0107i.<\/p>\n<p>Jutarnja temperatura vazduha bi\u0107e u rasponu od -3 do 10, a najvi\u0161a dnevna od nule do 19 stepeni.<\/p>\n<p>U Podgorici \u0107e biti promjenljivo obla\u010dno i uglavnom suvo. Vjetar sjeveroisto\u010dni \u0107e povremeno biti umjeren do poja\u010dan, a na udare jak. Jutarnja temperatura vazduha bi\u0107e ko 9, a najvi\u0161a dnevna do 17 stepeni.<\/p>\n<p><a href=\"http:\/\/www.meteo.co.me\/misc.php?text=121&amp;sektor=1&amp;grad=PET\" target=\"_blank\" rel=\"noopener\">Prognoza za ostale gradove.<\/a><\/p>\n","protected":false},"excerpt":{"rendered":"<p>Na sjeveru Crne Gore snijeg i susnje\u017eica<\/p>\n","protected":false},"author":1,"featured_media":0,"comment_status":"open","ping_status":"closed","sticky":false,"template":"","format":"standard","meta":{"_seopress_robots_primary_cat":"","_seopress_titles_title":"","_seopress_titles_desc":"","_seopress_robots_index":"","_et_pb_use_builder":"","_et_pb_old_content":"","_et_gb_content_width":"","inline_featured_image":false,"footnotes":""},"categories":[14,12],"tags":[],"class_list":["post-263460","post","type-post","status-publish","format-standard","hentry","category-vijesti","category-prica-dana"],"_links":{"self":[{"href":"https:\/\/www.pcnen.com\/portal\/wp-json\/wp\/v2\/posts\/263460","targetHints":{"allow":["GET"]}}],"collection":[{"href":"https:\/\/www.pcnen.com\/portal\/wp-json\/wp\/v2\/posts"}],"about":[{"href":"https:\/\/www.pcnen.com\/portal\/wp-json\/wp\/v2\/types\/post"}],"author":[{"embeddable":true,"href":"https:\/\/www.pcnen.com\/portal\/wp-json\/wp\/v2\/users\/1"}],"replies":[{"embeddable":true,"href":"https:\/\/www.pcnen.com\/portal\/wp-json\/wp\/v2\/comments?post=263460"}],"version-history":[{"count":0,"href":"https:\/\/www.pcnen.com\/portal\/wp-json\/wp\/v2\/posts\/263460\/revisions"}],"wp:attachment":[{"href":"https:\/\/www.pcnen.com\/portal\/wp-json\/wp\/v2\/media?parent=263460"}],"wp:term":[{"taxonomy":"category","embeddable":true,"href":"https:\/\/www.pcnen.com\/portal\/wp-json\/wp\/v2\/categories?post=263460"},{"taxonomy":"post_tag","embeddable":true,"href":"https:\/\/www.pcnen.com\/portal\/wp-json\/wp\/v2\/tags?post=263460"}],"curies":[{"name":"wp","href":"https:\/\/api.w.org\/{rel}","templated":true}]}}