{"id":263445,"date":"2019-03-25T17:41:04","date_gmt":"2019-03-25T16:41:04","guid":{"rendered":"http:\/\/www.pcnen.com\/portal\/?p=263445"},"modified":"2019-03-25T17:41:04","modified_gmt":"2019-03-25T16:41:04","slug":"otrovan-par-surih-orlova","status":"publish","type":"post","link":"https:\/\/www.pcnen.com\/portal\/2019\/03\/25\/otrovan-par-surih-orlova\/","title":{"rendered":"Otrovan par surih orlova"},"content":{"rendered":"<div id=\"attachment_263446\" style=\"width: 254px\" class=\"wp-caption alignright\"><img loading=\"lazy\" decoding=\"async\" aria-describedby=\"caption-attachment-263446\" class=\"size-medium wp-image-263446\" src=\"http:\/\/www.pcnen.com\/portal\/wp-content\/uploads\/2019\/03\/otrovani-orlovi-244x300.jpg\" alt=\"\" width=\"244\" height=\"300\" \/><p id=\"caption-attachment-263446\" class=\"wp-caption-text\">Foto: CZIP<\/p><\/div>\n<p>Centar za za\u0161titu i prou\u010davanje ptica Crne Gore je saop\u0161tio da je u op\u0161tini Plav prona\u0111en otrovan par surih orlova.<\/p>\n<p>Prema podacima ove nevladine organizacije, trovanjem para surih orlova nestalo je dva odsto nacionalne populacije ove vrste.<\/p>\n<p>\u201cKada bi to preveli u broj stanovnika u na\u0161oj zemlji, upravo je neko otrovao stanovni\u0161tvo op\u0161tine koja broji 13.000 ljudi! Neko je dakle izbrisao sa lica zemlje jedan crnogorski grad \ud83d\ude41 ovo je najvjerovatnije slu\u010daj posrednog trovanja namjenjenog vukovima \ud83d\ude41 uputili smo se ka Plavu, upravo obavjestavamo ekolosku inspekciju i policiju al vec unaprijed znamo da pocinioca ovako sramotnog \u010dina ne\u0107emo na\u0107i&#8230;\u201c, poruka je objavljena na <a href=\"http:\/\/\u201cKada bi to preveli u broj stanovnika u na\u0161oj zemlji, upravo je neko otrovao stanovni\u0161tvo op\u0161tine koja broji 13.000 ljudi! Neko je dakle izbrisao sa lica zemlje jedan crnogorski grad :( ovo je najvjerovatnije slu\u010daj posrednog trovanja namjenjenog vukovima :( uputili smo se ka Plavu, upravo obavjestavamo ekolosku inspekciju i policiju al vec unaprijed znamo da pocinioca ovako sramotnog \u010dina ne\u0107emo na\u0107i...\u201c, poruka je objavljena na FB stranici\">FB stranici CZIP.<\/a><\/p>\n<p>&nbsp;<\/p>\n","protected":false},"excerpt":{"rendered":"<p>Trovanjem para surih orlova nestalo je dva odsto nacionalne populacije ove vrste<\/p>\n","protected":false},"author":1,"featured_media":0,"comment_status":"open","ping_status":"closed","sticky":false,"template":"","format":"standard","meta":{"_seopress_robots_primary_cat":"","_seopress_titles_title":"","_seopress_titles_desc":"","_seopress_robots_index":"","_et_pb_use_builder":"","_et_pb_old_content":"","_et_gb_content_width":"","inline_featured_image":false,"footnotes":""},"categories":[14,12],"tags":[],"class_list":["post-263445","post","type-post","status-publish","format-standard","hentry","category-vijesti","category-prica-dana"],"_links":{"self":[{"href":"https:\/\/www.pcnen.com\/portal\/wp-json\/wp\/v2\/posts\/263445","targetHints":{"allow":["GET"]}}],"collection":[{"href":"https:\/\/www.pcnen.com\/portal\/wp-json\/wp\/v2\/posts"}],"about":[{"href":"https:\/\/www.pcnen.com\/portal\/wp-json\/wp\/v2\/types\/post"}],"author":[{"embeddable":true,"href":"https:\/\/www.pcnen.com\/portal\/wp-json\/wp\/v2\/users\/1"}],"replies":[{"embeddable":true,"href":"https:\/\/www.pcnen.com\/portal\/wp-json\/wp\/v2\/comments?post=263445"}],"version-history":[{"count":0,"href":"https:\/\/www.pcnen.com\/portal\/wp-json\/wp\/v2\/posts\/263445\/revisions"}],"wp:attachment":[{"href":"https:\/\/www.pcnen.com\/portal\/wp-json\/wp\/v2\/media?parent=263445"}],"wp:term":[{"taxonomy":"category","embeddable":true,"href":"https:\/\/www.pcnen.com\/portal\/wp-json\/wp\/v2\/categories?post=263445"},{"taxonomy":"post_tag","embeddable":true,"href":"https:\/\/www.pcnen.com\/portal\/wp-json\/wp\/v2\/tags?post=263445"}],"curies":[{"name":"wp","href":"https:\/\/api.w.org\/{rel}","templated":true}]}}