{"id":263407,"date":"2019-03-24T21:58:45","date_gmt":"2019-03-24T20:58:45","guid":{"rendered":"http:\/\/www.pcnen.com\/portal\/?p=263407"},"modified":"2019-03-24T21:59:01","modified_gmt":"2019-03-24T20:59:01","slug":"trampova-kampanja-nije-saradivala-sa-rusijom","status":"publish","type":"post","link":"https:\/\/www.pcnen.com\/portal\/2019\/03\/24\/trampova-kampanja-nije-saradivala-sa-rusijom\/","title":{"rendered":"Trampova kampanja nije sara\u0111ivala sa Rusijom"},"content":{"rendered":"<p><img loading=\"lazy\" decoding=\"async\" class=\"alignright size-medium wp-image-229256\" src=\"http:\/\/www.pcnen.com\/portal\/wp-content\/uploads\/2017\/07\/Putin-Tramp-300x173.jpg\" alt=\"\" width=\"300\" height=\"173\" \/>Specijalni tu\u017eilac Robert Maler nije prona\u0161ao dokaze da su predsjednik Donald Tramp, njegova kampanja ili saradnici sara\u0111ivali ili koordinisali sa Rusijom da bi se mije\u0161ali u predsjedni\u010dke izbore 2016. godine, navodi se u zaklju\u010dcima izvje\u0161taja koje je objavio sekretar za pravosu\u0111e Vilijam Bar, prenosi VoA.<\/p>\n<p>&#8220;Iako se u izvje\u0161taju ne zaklju\u010duje da je predsjednik po\u010dinio krivi\u010dno djelo, on se tako\u0111e ne osloba\u0111a odgovornosti&#8221;, napisao je Maler, a preneo Bar.<\/p>\n<p>\u200b Bar je rekao da tokom istrage nije prona\u0111eno dovoljno dokaza da je Tramp poku\u0161ao da omete sprovo\u0111enje pravde.<\/p>\n","protected":false},"excerpt":{"rendered":"<p>Specijalni tu\u017eilac Robert Maler nije prona\u0161ao dokaze da su predsjednik Donald Tramp, njegova kampanja ili saradnici sara\u0111ivali ili koordinisali sa Rusijom da bi se mije\u0161ali u predsjedni\u010dke izbore 2016. godine, navodi se u zaklju\u010dcima izvje\u0161taja koje je objavio sekretar za pravosu\u0111e Vilijam Bar, prenosi VoA. &#8220;Iako se u izvje\u0161taju ne zaklju\u010duje da je predsjednik po\u010dinio [&hellip;]<\/p>\n","protected":false},"author":1,"featured_media":0,"comment_status":"open","ping_status":"closed","sticky":false,"template":"","format":"standard","meta":{"_seopress_robots_primary_cat":"","_seopress_titles_title":"","_seopress_titles_desc":"","_seopress_robots_index":"","_et_pb_use_builder":"","_et_pb_old_content":"","_et_gb_content_width":"","inline_featured_image":false,"footnotes":""},"categories":[14,12],"tags":[],"class_list":["post-263407","post","type-post","status-publish","format-standard","hentry","category-vijesti","category-prica-dana"],"_links":{"self":[{"href":"https:\/\/www.pcnen.com\/portal\/wp-json\/wp\/v2\/posts\/263407","targetHints":{"allow":["GET"]}}],"collection":[{"href":"https:\/\/www.pcnen.com\/portal\/wp-json\/wp\/v2\/posts"}],"about":[{"href":"https:\/\/www.pcnen.com\/portal\/wp-json\/wp\/v2\/types\/post"}],"author":[{"embeddable":true,"href":"https:\/\/www.pcnen.com\/portal\/wp-json\/wp\/v2\/users\/1"}],"replies":[{"embeddable":true,"href":"https:\/\/www.pcnen.com\/portal\/wp-json\/wp\/v2\/comments?post=263407"}],"version-history":[{"count":0,"href":"https:\/\/www.pcnen.com\/portal\/wp-json\/wp\/v2\/posts\/263407\/revisions"}],"wp:attachment":[{"href":"https:\/\/www.pcnen.com\/portal\/wp-json\/wp\/v2\/media?parent=263407"}],"wp:term":[{"taxonomy":"category","embeddable":true,"href":"https:\/\/www.pcnen.com\/portal\/wp-json\/wp\/v2\/categories?post=263407"},{"taxonomy":"post_tag","embeddable":true,"href":"https:\/\/www.pcnen.com\/portal\/wp-json\/wp\/v2\/tags?post=263407"}],"curies":[{"name":"wp","href":"https:\/\/api.w.org\/{rel}","templated":true}]}}