{"id":263401,"date":"2019-03-24T21:12:01","date_gmt":"2019-03-24T20:12:01","guid":{"rendered":"http:\/\/www.pcnen.com\/portal\/?p=263401"},"modified":"2019-03-24T21:12:01","modified_gmt":"2019-03-24T20:12:01","slug":"popodne-stizu-oblaci-3","status":"publish","type":"post","link":"https:\/\/www.pcnen.com\/portal\/2019\/03\/24\/popodne-stizu-oblaci-3\/","title":{"rendered":"Popodne sti\u017eu oblaci"},"content":{"rendered":"<p><img loading=\"lazy\" decoding=\"async\" class=\"alignright size-medium wp-image-235845\" src=\"http:\/\/www.pcnen.com\/portal\/wp-content\/uploads\/2017\/11\/prosarica-300x167.jpg\" alt=\"\" width=\"300\" height=\"167\" \/>Prete\u017eno sun\u010dano bi\u0107e u ponedjeljak, ali \u0107e popodne postepeno dolaziti oblaci.<\/p>\n<p>Magla ili sumaglica bi\u0107e ujutru mogu\u0107a ponegdje na sjeveru Crne Gore.<\/p>\n<p>Tokom dana \u0107e vjetar biti dominantno ju\u017eni, slabe do umjerene ja\u010dine, a nave\u010de se o\u010dekuje ja\u010danje sjevernog vjetra.<\/p>\n<p>Jutarnja temperatura vazduha kreta\u0107e se u rasponu od -3 do 12, a najvi\u0161a dnevna od 11 do 23 stepena.<\/p>\n<p>U Podgorici \u0107e biti prete\u017eno sun\u010dano, a za popodnevne sate se najavljuje umjeren razvoj obla\u010dnosti. Vjetar sjeveroisto\u010dni \u0107e tokom no\u0107i poja\u010davati. Jutarnja temperatura vazduha bi\u0107e oko 10, a najvi\u0161a dnevna oko 23 stepena.<\/p>\n<p><a href=\"http:\/\/www.meteo.co.me\/misc.php?text=121&amp;sektor=1&amp;grad=PLJ\" target=\"_blank\" rel=\"noopener\">Prognoza za ostale gradove.<\/a><\/p>\n","protected":false},"excerpt":{"rendered":"<p>Tokom dana \u0107e vjetar biti dominantno ju\u017eni, slabe do umjerene ja\u010dine, a nave\u010de se o\u010dekuje ja\u010danje sjevernog vjetra<\/p>\n","protected":false},"author":1,"featured_media":0,"comment_status":"open","ping_status":"closed","sticky":false,"template":"","format":"standard","meta":{"_seopress_robots_primary_cat":"","_seopress_titles_title":"","_seopress_titles_desc":"","_seopress_robots_index":"","_et_pb_use_builder":"","_et_pb_old_content":"","_et_gb_content_width":"","inline_featured_image":false,"footnotes":""},"categories":[14,12],"tags":[],"class_list":["post-263401","post","type-post","status-publish","format-standard","hentry","category-vijesti","category-prica-dana"],"_links":{"self":[{"href":"https:\/\/www.pcnen.com\/portal\/wp-json\/wp\/v2\/posts\/263401","targetHints":{"allow":["GET"]}}],"collection":[{"href":"https:\/\/www.pcnen.com\/portal\/wp-json\/wp\/v2\/posts"}],"about":[{"href":"https:\/\/www.pcnen.com\/portal\/wp-json\/wp\/v2\/types\/post"}],"author":[{"embeddable":true,"href":"https:\/\/www.pcnen.com\/portal\/wp-json\/wp\/v2\/users\/1"}],"replies":[{"embeddable":true,"href":"https:\/\/www.pcnen.com\/portal\/wp-json\/wp\/v2\/comments?post=263401"}],"version-history":[{"count":0,"href":"https:\/\/www.pcnen.com\/portal\/wp-json\/wp\/v2\/posts\/263401\/revisions"}],"wp:attachment":[{"href":"https:\/\/www.pcnen.com\/portal\/wp-json\/wp\/v2\/media?parent=263401"}],"wp:term":[{"taxonomy":"category","embeddable":true,"href":"https:\/\/www.pcnen.com\/portal\/wp-json\/wp\/v2\/categories?post=263401"},{"taxonomy":"post_tag","embeddable":true,"href":"https:\/\/www.pcnen.com\/portal\/wp-json\/wp\/v2\/tags?post=263401"}],"curies":[{"name":"wp","href":"https:\/\/api.w.org\/{rel}","templated":true}]}}