{"id":263382,"date":"2019-03-24T08:52:58","date_gmt":"2019-03-24T07:52:58","guid":{"rendered":"http:\/\/www.pcnen.com\/portal\/?p=263382"},"modified":"2019-03-24T09:58:49","modified_gmt":"2019-03-24T08:58:49","slug":"dvije-decenije-od-nato-napada-na-srj","status":"publish","type":"post","link":"https:\/\/www.pcnen.com\/portal\/2019\/03\/24\/dvije-decenije-od-nato-napada-na-srj\/","title":{"rendered":"Dvije decenije od NATO napada na SRJ"},"content":{"rendered":"<p>U organizaciji pokreta &#8216;Sloboda narodu&#8217;, u Podgorici \u0107e danas biti odr\u017eana protestna \u0161etnja povodom dvije decenije od po\u010detka napada NATO-a na Saveznu Republiku Jugoslaviju. \u0160etnja \u0107e po\u010deti u 17 \u010dasova ispred spomenika Sv. Petra Cetinjskog.<\/p>\n<p>\u0160irom Crne Gore bi\u0107e obilje\u017eeno 20 godina bombardovanja raznim manifestacijama i molebnima u organizaciji Srpske pravoslavne crkve.<\/p>\n<p><iframe loading=\"lazy\" title=\"Nato bombardovanje 1999 - da se ne zaboravi\" width=\"1080\" height=\"608\" src=\"https:\/\/www.youtube.com\/embed\/u4K0Fuq4DhU?feature=oembed\" frameborder=\"0\" allow=\"accelerometer; autoplay; clipboard-write; encrypted-media; gyroscope; picture-in-picture; web-share\" allowfullscreen><\/iframe><\/p>\n<p>NATO napad na nekada\u0161nju SRJ izvr\u0161en je bez odobrenja Savjeta bezbjednosti UN, \u0161to je bio presedan. Generalu Vesliju Klarku, tada\u0161njem komandantu savezni\u010dkih snaga, naredbu je izdao sekretar NATO, \u0161panski politi\u010dar Havijer Solana.<\/p>\n<p>Zvani\u010dno opravdanje za po\u010detak napada bilo je da se zaustavi humanitarna katastrova na Kosovu, kada su hiljade gra\u0111ana i gra\u0111anki albanske nacionalnosti bilo prinu\u0111eno da napu\u0161ta svoje domove zbog sukoba Vojske i policije SRJ sa separatisti\u010dkom Oslobodila\u010dkom vojskom Kosova.<\/p>\n<p>Kampanja je trajala 78 dana, tokom koje je bilo 30000 naleta NATO aviacije, pri \u010demu je ispaljeno 50.000 razornih projektila.<\/p>\n<p>Bombardovanje SRJ okon\u010dano je 10. juna, usvajanjem Rezolucije 1244 Savjeta bezbjednosti UN. Dan ranije, predstavnici VJ i NATO potpisali su u Kumanovu Vojno-tehni\u010dki sporazum, kojim je precizirano povla\u010denje snaga VJ sa Kosova i ulazak u pokrajinu me\u0111unarodnih vojnih snaga, koje se tamo nalaze i sada.<\/p>\n<p>Od NATO bombi je 2 500 civila izgubilo \u017eivot, a ranjeno je 12.500 ljudi. Materijalna razaranja su bila ogromna u Srbiji, a posljedice zaga\u0111anja od municije i dalje traju.<\/p>\n<p>U Crnoj Gori je poginulo 10 ljudi, od kojih troje djece u Murinu, kada je NATO aviacija ga\u0111ala most u centru naselja na sjeveru Crne Gore.<\/p>\n<p><a href=\"https:\/\/www.danas.rs\/nedelja\/kosovsko-pomracenje\/\">&#8220;To nije bio rat. Mi neprijatelja nismo mogli ni da vidimo. Jedna strana je ubijala, a druga bila ubijana i ru\u0161ena&#8221;<\/a>, napisao je u knjizi &#8216;Meta&#8217; Vuk Dra\u0161kovi\u0107, lider SPO.<\/p>\n<p>Prema podacima UNHCR-a, Kosovo je od dolaska mirovnih snaga napustilo oko 230.000 Srba i Roma, a vratilo se oko 800.000 izbjeglih Albanaca.<\/p>\n<p>Kosovo je, u me\u0111uvremenu, postala me\u0111unarodno priznata dr\u017eava, \u010diji odnosi sa Srbijom jo\u0161 nijesu regulisani. Crna Gora je priznala Kosovo i sa njim uspostavila diplomatske odnose.<\/p>\n","protected":false},"excerpt":{"rendered":"<p>NATO napad izvr\u0161en je bez odobrenja Savjeta bezbjednosti UN<\/p>\n","protected":false},"author":1,"featured_media":207015,"comment_status":"open","ping_status":"closed","sticky":false,"template":"","format":"standard","meta":{"_seopress_robots_primary_cat":"","_seopress_titles_title":"","_seopress_titles_desc":"","_seopress_robots_index":"","_et_pb_use_builder":"","_et_pb_old_content":"","_et_gb_content_width":"","inline_featured_image":false,"footnotes":""},"categories":[14,12],"tags":[],"class_list":["post-263382","post","type-post","status-publish","format-standard","has-post-thumbnail","hentry","category-vijesti","category-prica-dana"],"_links":{"self":[{"href":"https:\/\/www.pcnen.com\/portal\/wp-json\/wp\/v2\/posts\/263382","targetHints":{"allow":["GET"]}}],"collection":[{"href":"https:\/\/www.pcnen.com\/portal\/wp-json\/wp\/v2\/posts"}],"about":[{"href":"https:\/\/www.pcnen.com\/portal\/wp-json\/wp\/v2\/types\/post"}],"author":[{"embeddable":true,"href":"https:\/\/www.pcnen.com\/portal\/wp-json\/wp\/v2\/users\/1"}],"replies":[{"embeddable":true,"href":"https:\/\/www.pcnen.com\/portal\/wp-json\/wp\/v2\/comments?post=263382"}],"version-history":[{"count":0,"href":"https:\/\/www.pcnen.com\/portal\/wp-json\/wp\/v2\/posts\/263382\/revisions"}],"wp:featuredmedia":[{"embeddable":true,"href":"https:\/\/www.pcnen.com\/portal\/wp-json\/wp\/v2\/media\/207015"}],"wp:attachment":[{"href":"https:\/\/www.pcnen.com\/portal\/wp-json\/wp\/v2\/media?parent=263382"}],"wp:term":[{"taxonomy":"category","embeddable":true,"href":"https:\/\/www.pcnen.com\/portal\/wp-json\/wp\/v2\/categories?post=263382"},{"taxonomy":"post_tag","embeddable":true,"href":"https:\/\/www.pcnen.com\/portal\/wp-json\/wp\/v2\/tags?post=263382"}],"curies":[{"name":"wp","href":"https:\/\/api.w.org\/{rel}","templated":true}]}}