{"id":263373,"date":"2019-03-24T08:08:32","date_gmt":"2019-03-24T07:08:32","guid":{"rendered":"http:\/\/www.pcnen.com\/portal\/?p=263373"},"modified":"2019-03-24T08:08:32","modified_gmt":"2019-03-24T07:08:32","slug":"zasto-novinarima-iz-jugoslavije-hag-nije-sudio","status":"publish","type":"post","link":"https:\/\/www.pcnen.com\/portal\/2019\/03\/24\/zasto-novinarima-iz-jugoslavije-hag-nije-sudio\/","title":{"rendered":"Za\u0161to novinarima iz Jugoslavije Hag nije sudio"},"content":{"rendered":"<p><strong>Autor: Gradimir Gojer<\/strong><\/p>\n<p><img loading=\"lazy\" decoding=\"async\" class=\"alignright size-medium wp-image-117097\" src=\"http:\/\/www.pcnen.com\/portal\/wp-content\/uploads\/2013\/06\/pravda-300x182.jpg\" alt=\"\" width=\"300\" height=\"182\" \/>Neka\u017enjeni za svoju ratnohu\u0161ka\u010dku djelatnost pojedini novinari su ponovo u funkciji klerofa\u0161isti\u010dkih krugova u Srbiji i Hrvatskoj i podr\u017eavaju velikodr\u017eavne ambicije i projekte onih koji bi u miru da ostvare neostvarene ratne ciljeve pohoda na Bosnu i Hercegovinu.<\/p>\n<p>Kada se sumiraju rezultati djelovanja Ha\u0161kog tribunala za Jugoslaviju (ICTY) te\u0161ko je, pogotovo nama, suvremenicima agresije na me\u0111unarodno priznatu \u010dlanicu Ujedinjenih naroda, dr\u017eavu Bosnu i Hercegovinu, dati objektivnu ocjenu. Ali je sigurno da su prisustvo i odluke Tribunala brana novim agresivnim pohodima.<\/p>\n<p>Ono \u0161to nije procesuirano u Hagu, a \u0161to je moralo biti predmetom interesovanja ovog me\u0111unarodnog sudi\u0161ta je rad i aktivan upliv pojedinih medija i novinara u pripreme i kona\u010dnu izvedbu agresije na Bosnu i Hercegovinu, na ratne pohode srbo-\u010detni\u010dke armade na Sloveniju, Hrvatsku i Kosovo.<\/p>\n<p>Ne\u0107e biti da smo zaboravili djelovanje medija, posebice onih iz srbijanske metropole, koji su iz dana u dan ispisivali ratnohu\u0161ka\u010dki pledoaje za krvave pohode srbo-\u010detni\u010dke soldateske. Uporno se, dobro isplaniranim metodima gebelsov\u0161tine, podizao nacionalisti\u010dki zov, a sve pod paskom patriotizma, kojim je trebalo gazimestanski ostrastiti i zatrovati tisu\u0107e lakovjernog svijeta, koji je pisanje medija prihvatao, na\u017ealost jedan kroz jedan.<\/p>\n<p>Sad se tek vidi koliko je bio potreban, \u010dak i neophodan ozbiljan pristup glavnih tu\u017eitelja Ha\u0161kog tribunala (ICTY) ratnim zlo\u010dinima novinara. Sasvim je nejasno za\u0161to isti glavni tu\u017eilac za Jugoslaviju i Ruandu jeste podigao brojne optu\u017enice protiv novinara za zlo\u010din genocida u Ruandi, a niti jednu za ratni zlo\u010din novinara u Jugoslaviji. Rad novinara je javan i ne mo\u017ee nedostajati dokaza. Jer neka\u017enjivo podsticanje na izvr\u0161enje klerofa\u0161isti\u010dkih namjera koje opet prijete krvavim sukobima na Zapadnom Balkanu ne\u0107e donijeti ni\u0161ta dobro.<\/p>\n<p>Rje\u010dnik tih trova\u010da bio je krajnje prizeman, sa jednom jedinom namjerom da se \u0161to lak\u0161e regrutuje topovsko meso za budu\u0107e ratne pohode. Na\u017ealost, bojim se da prisustvujemo reprizi priprema za krvavu agresivnu rabotu.<\/p>\n<p>Neka\u017enjeni za svoju ratnohu\u0161ka\u010dku djelatnost pojedini novinari su ponovo u funkciji klerofa\u0161isti\u010dkih krugova u Srbiji i Hrvatskoj i podr\u017eavaju velikodr\u017eavne ambicije i projekte onih koji bi u miru da ostvare neostvarene ratne ciljeve pohoda na Bosnu i Hercegovinu.<\/p>\n<p>Nekriti\u010dko pisanje i veli\u010danje politi\u010dara koji se ne uste\u017eu otvoreno zagovarati disoluciju jedne me\u0111unarodno priznate dr\u017eave je u normalnim okolnostima \u010din vi\u0161estruko podlo\u017ean kaznenoj politici. Kako mnogi medijski potpaljiva\u010di agresorskih vatri nisu procesuirani na vrijeme, regrutovanje novih poslu\u0161nika gebelsov\u0161tine nastavlja se.<\/p>\n<p>Na\u017ealost, Hag se nije bavio nalagodavcima, medijskim podstreka\u010dima i izvr\u0161iteljima zlo\u010dina, kao njihovim slugama. A odgovor na pitanje za\u0161to novinarima iz Jugoslavije Hag nije sudio mogla bi biti obimna doktorska disertacija.<\/p>\n<p>Zato i imamo ovo \u0161to imamo u medijima koji opslu\u017euju re\u017eime izrazito nenaklonjene po\u0161tovanju teritorijalnog integriteta i suvereniteta Bosne i Hercegovine od najbli\u017eih susjeda.<\/p>\n<p><a href=\"https:\/\/www.tacno.net\/beograd\/zasto-novinarima-iz-jugoslavije-hag-nije-sudio\/\">Ta\u010dno.net<\/a><\/p>\n","protected":false},"excerpt":{"rendered":"<p>Neka\u017enjeni za svoju ratnohu\u0161ka\u010dku djelatnost pojedini novinari su ponovo u funkciji klerofa\u0161isti\u010dkih krugova u Srbiji i Hrvatskoj i podr\u017eavaju velikodr\u017eavne ambicije i projekte onih koji bi u miru da ostvare neostvarene ratne ciljeve pohoda na Bosnu i Hercegovinu<\/p>\n","protected":false},"author":1,"featured_media":0,"comment_status":"open","ping_status":"closed","sticky":false,"template":"","format":"standard","meta":{"_seopress_robots_primary_cat":"","_seopress_titles_title":"","_seopress_titles_desc":"","_seopress_robots_index":"","_et_pb_use_builder":"","_et_pb_old_content":"","_et_gb_content_width":"","inline_featured_image":false,"footnotes":""},"categories":[5],"tags":[],"class_list":["post-263373","post","type-post","status-publish","format-standard","hentry","category-drugi-pisu"],"_links":{"self":[{"href":"https:\/\/www.pcnen.com\/portal\/wp-json\/wp\/v2\/posts\/263373","targetHints":{"allow":["GET"]}}],"collection":[{"href":"https:\/\/www.pcnen.com\/portal\/wp-json\/wp\/v2\/posts"}],"about":[{"href":"https:\/\/www.pcnen.com\/portal\/wp-json\/wp\/v2\/types\/post"}],"author":[{"embeddable":true,"href":"https:\/\/www.pcnen.com\/portal\/wp-json\/wp\/v2\/users\/1"}],"replies":[{"embeddable":true,"href":"https:\/\/www.pcnen.com\/portal\/wp-json\/wp\/v2\/comments?post=263373"}],"version-history":[{"count":0,"href":"https:\/\/www.pcnen.com\/portal\/wp-json\/wp\/v2\/posts\/263373\/revisions"}],"wp:attachment":[{"href":"https:\/\/www.pcnen.com\/portal\/wp-json\/wp\/v2\/media?parent=263373"}],"wp:term":[{"taxonomy":"category","embeddable":true,"href":"https:\/\/www.pcnen.com\/portal\/wp-json\/wp\/v2\/categories?post=263373"},{"taxonomy":"post_tag","embeddable":true,"href":"https:\/\/www.pcnen.com\/portal\/wp-json\/wp\/v2\/tags?post=263373"}],"curies":[{"name":"wp","href":"https:\/\/api.w.org\/{rel}","templated":true}]}}