{"id":263363,"date":"2019-03-23T20:08:20","date_gmt":"2019-03-23T19:08:20","guid":{"rendered":"http:\/\/www.pcnen.com\/portal\/?p=263363"},"modified":"2019-03-23T23:47:20","modified_gmt":"2019-03-23T22:47:20","slug":"odrzan-sesti-protest-97-000-odupri-se","status":"publish","type":"post","link":"https:\/\/www.pcnen.com\/portal\/2019\/03\/23\/odrzan-sesti-protest-97-000-odupri-se\/","title":{"rendered":"Odr\u017ean \u0161esti protest &#8216;97.000 \u2013 Odupri se&#8217;"},"content":{"rendered":"<p><img loading=\"lazy\" decoding=\"async\" class=\"alignright size-medium wp-image-261833\" src=\"http:\/\/www.pcnen.com\/portal\/wp-content\/uploads\/2019\/02\/Odupri-se-treci-put-300x225.jpg\" alt=\"\" width=\"300\" height=\"225\" \/>Protesti su osnova za promjenu dru\u0161tva, koja treba da krene sa ulica i trgova svih gradova, poru\u010dili su <a href=\"http:\/\/www.pcnen.com\/portal\/2019\/03\/23\/sastanak-uoci-novog-protesta-oduprise-97000\/\">organizatori protesta <\/a>\u201c97 hiljada \u2013 Odupri se\u201d, i dodali da su opoziciono jedinstvo i uska saradnja neophodni u tom procesu.<\/p>\n<p><a href=\"https:\/\/www.facebook.com\/oduprisecg\/\">Vi\u0161e hiljada gra\u0111ana j<\/a>e, nakon \u0161to se okupilo na Trgu nezavisnosti, krenulo u protestnu \u0161etnju Ulicom Slobode, Bulevarom Svetog Petra Cetinjskog, Moskovskom ulicom, Bulevarom Revolucije, Ulicom Ivana Vujo\u0161evi\u0107a, Bulevarom Svetog Petra Cetinjskog, Ulicom Slobode, nazad do Trga nezavisnosti.<\/p>\n<p>Sa jednog balkona u zgradi &#8216;Vektra&#8217; mu\u0161karac i \u017eena su mahali protestantima.<\/p>\n<p>Organizatori su, prije polaska, kazali da je ispred bine svih 39 poslanika a, kako su naveli, za narednu subotu se nadaju da \u0107e imati dokument i poslanike na bini, prenosi Mina.<\/p>\n<p>Redari su ve\u010deras udaljili sa protesta dva mu\u0161karca, od kojih je jedan imao majicu sa srpskom zastavom, a koji su dizali tri prsta, prenosi RTCG.<\/p>\n<p>Organizatori protesta ranije su apelovali na sve da im se pridru\u017ee bez ikakvih strana\u010dkih, nacionalnih i ostalih obilje\u017eja.<\/p>\n<p>\u201cNa\u0161i prazni fri\u017eideri i d\u017eepovi su na\u0161a politika\u201c, poru\u010dila je sa protesta Maja Jovovi\u0107, predstavnica korisnica naknada za majke za troje ili vi\u0161e djece, koje su ukinute odlukom Ustavnog suda.<\/p>\n<p>Jovovi\u0107 je rekla da predsjednik dr\u017eave Milo \u0110ukanovi\u0107 o\u010digledno ne umije da \u010dita jer demonstranti ne ugro\u017eavaju dr\u017eavu ve\u0107 je \u201cspa\u0161avaju od njega\u201c. \u201cObi\u010dnom gra\u0111aninu su nezaposlenost, penzije i plate i ra\u010duni za struju razlog za bunt!\u201c, rekla je Jovovi\u0107.<\/p>\n<p>Ona se osvrnula i na ukidanje naknada za majke sa troje ili vi\u0161e djece.<\/p>\n<p>\u201cU mno\u0161tvu la\u017ei i prevara, dogodi se i prevara vijeka nad 22.000 majki. Prije dvije godine, majke su 11 dana \u0161trajkovale gla\u0111u zbog nepravde i kr\u0161enja Ustava Crne Gore. Jo\u0161 smo na ulici i bi\u0107emo sve dok se zakoni u Crnoj Gori ne budu po\u0161tovali! Bi\u0107emo na ulici dok svi odgovorni ne podnesu ostavke!\u201c, poru\u010dila je Jovovi\u0107, dodaju\u0107i da je bilo dosta \u201cfukarluka i lopovluka\u201c.<\/p>\n<p>Okupljenima se obratio i Nikola Grdini\u0107, menad\u017eer malih i srednjih preduze\u0107a i slobodan gra\u0111anin.<\/p>\n<p>\u201cOdavno vjerujem da su protesti osnova preporoda ove zemlje, i da odavde, sa ulice, sve treba da krene. I ne samo ove ulice, ve\u0107 iz svih na\u0161ih gradova, sjevera, juga, istoka i zapada. Protest je odraz kulture jednog naroda. Protest je postao na\u010din \u017eivota u Crnoj Gori. Ovo je prvi korak ka ru\u0161enju ovog re\u017eima, ali i najava kontrole svake budu\u0107e vlasti\u201c, kazao je Grdini\u0107.<\/p>\n<p>Grdini\u0107 je upitao demonstrante, kako ocjenjuju rad \u201cpredsjednika Ramada Skup\u0161tine\u201c, \u201csamoinstaliranog premijer i njegove strahovlade\u201c i \u201csamoprogla\u0161enog predsjednika\u201c. Pitanja su pratila glasni zvi\u017educi okupljenih.<\/p>\n<p>\u201eTo nisu na\u0161e institucije. Mi smo zakonodavna, izvr\u0161na i sudska vlast. Mi smo dr\u017eava! Mi smo Crna Gora!\u201c, poru\u010dio je Grdini\u0107, naglasiv\u0161i da je \u201cnajve\u0107i \u010din patriotizma biti ovdje\u201c.<\/p>\n<p>U ime Studentske inicijative Crne Gore, okupljenima se obratila Minja Novakovi\u0107, studentkinja Fakulteta dramskih umjetnosti na Cetinju. Govor je po\u010dela mini performansom, nose\u0107i stolicu, jer je, \u201codrasla u dru\u0161tvu u kojem nas u\u010de da sjedimo, \u0107utimo i trpimo.\u201c<\/p>\n<p>\u201cVe\u010deras ja odbijam da sjedim! Pred vama stojim ovdje u ime svih studenata i mladih ljudi Crne Gore. Mi ne \u017eelimo da stra\u0161e nas i na\u0161e roditelje. Kad im na poslu ka\u017eu: &#8216;Pazi \u0161to onaj tvoj mali ili mala radi na protestima&#8217;, ja odgovorim: &#8216;E ba\u0161 pazim!&#8217;. Pazim da ne dozvolim da mi prijete. Pazim da mi niko ne uliva strah. Ja pazim svoje pravo na slobodu. Pazim svoje pravo na dostojanstvenu egzistenciju\u201c, rekla je ona.<\/p>\n<p>U ime studenata kazala je da \u017eeli obrazovni sistem koji \u0107e od nje napraviti stru\u010dnjaka.<\/p>\n<p>\u201c\u017delim da budu\u0107nost stvaram u ovoj zemlji. Ne \u017eelim da patim od kolektivne depresije koju nam je nametnulo ovo dru\u0161tvo. Dosta je! Mi smo odgovorni! Mi smo neustra\u0161ivi! Neka svi \u010duju: Studenti su tu!\u201c, poru\u010dila je Minja i pozvala kolege da im se u nedjelju u velikom broju pridru\u017ee ispred Skup\u0161tine Crne Gore.<\/p>\n<p>Glumac Slavi\u0161a Grubi\u0161a je pro\u010ditao \u201cProglas slobodnih gra\u0111ana\u201c u kome su navedeni zahtjevi za ostavkama koji su iznijeti na prethodnim skupovima.<\/p>\n<p>Na prethodnim protestima zatra\u017eene su ostavke vrhovnog dr\u017eavnog tu\u017eioca Ivice Stankovi\u0107a, glavnog specijalnog tu\u017eioca Milivoja Katni\u0107a, direktora Agencije za sprje\u010davanje korupcije Sretena Radonji\u0107a, predsjednika Crne Gore Mila \u0110ukanovi\u0107a, premijera Du\u0161ka Markovi\u0107a, \u010dlanova Savjeta i generalnog direktora RTCG Bo\u017eidara \u0160undi\u0107a.<\/p>\n<p>Skup je u ime organizatora zaklju\u010dio Denis Meki\u0107.<\/p>\n<p>\u201cSvi vi koje direktor zove da bi provjerio jeste li glasali, svi vi kojima je re\u010deno da vam je posao ugro\u017een, da vam je budu\u0107nost djeteta u ovoj zemlji ugro\u017eena, svi vi kojima prijete ucjenama i zastra\u0161ivanjem -va\u0161u platu ne daje vam ni premijer ni predsjednik ve\u0107 mi, gra\u0111ani. Gra\u0111ani \u0107e vas i dalje pla\u0107ati, sve dok budete radili za njih. Za svoju dr\u017eavu\u201c.<\/p>\n<p>Sljede\u0107i protest zakazan je za subotu, 30. mart.<br \/>\n<em><\/p>\n<blockquote><p>Izvor: PR tim protesta, MINA, PCNEN)<\/p><\/blockquote>\n<p><\/em><\/p>\n","protected":false},"excerpt":{"rendered":"<p>Protesti su osnova za promjenu dru\u0161tva, koja treba da krene sa ulica i trgova svih gradova, poru\u010dili su organizatori protesta \u201c97 hiljada \u2013 Odupri se\u201d, i dodali da su opoziciono jedinstvo i uska saradnja neophodni u tom procesu. Vi\u0161e hiljada gra\u0111ana je, nakon \u0161to se okupilo na Trgu nezavisnosti, krenulo u protestnu \u0161etnju Ulicom Slobode, [&hellip;]<\/p>\n","protected":false},"author":1,"featured_media":0,"comment_status":"open","ping_status":"closed","sticky":false,"template":"","format":"standard","meta":{"_seopress_robots_primary_cat":"","_seopress_titles_title":"","_seopress_titles_desc":"","_seopress_robots_index":"","_et_pb_use_builder":"","_et_pb_old_content":"","_et_gb_content_width":"","inline_featured_image":false,"footnotes":""},"categories":[14,12],"tags":[],"class_list":["post-263363","post","type-post","status-publish","format-standard","hentry","category-vijesti","category-prica-dana"],"_links":{"self":[{"href":"https:\/\/www.pcnen.com\/portal\/wp-json\/wp\/v2\/posts\/263363","targetHints":{"allow":["GET"]}}],"collection":[{"href":"https:\/\/www.pcnen.com\/portal\/wp-json\/wp\/v2\/posts"}],"about":[{"href":"https:\/\/www.pcnen.com\/portal\/wp-json\/wp\/v2\/types\/post"}],"author":[{"embeddable":true,"href":"https:\/\/www.pcnen.com\/portal\/wp-json\/wp\/v2\/users\/1"}],"replies":[{"embeddable":true,"href":"https:\/\/www.pcnen.com\/portal\/wp-json\/wp\/v2\/comments?post=263363"}],"version-history":[{"count":0,"href":"https:\/\/www.pcnen.com\/portal\/wp-json\/wp\/v2\/posts\/263363\/revisions"}],"wp:attachment":[{"href":"https:\/\/www.pcnen.com\/portal\/wp-json\/wp\/v2\/media?parent=263363"}],"wp:term":[{"taxonomy":"category","embeddable":true,"href":"https:\/\/www.pcnen.com\/portal\/wp-json\/wp\/v2\/categories?post=263363"},{"taxonomy":"post_tag","embeddable":true,"href":"https:\/\/www.pcnen.com\/portal\/wp-json\/wp\/v2\/tags?post=263363"}],"curies":[{"name":"wp","href":"https:\/\/api.w.org\/{rel}","templated":true}]}}