{"id":263347,"date":"2019-03-23T12:25:56","date_gmt":"2019-03-23T11:25:56","guid":{"rendered":"http:\/\/www.pcnen.com\/portal\/?p=263347"},"modified":"2022-08-12T18:33:09","modified_gmt":"2022-08-12T16:33:09","slug":"salman-ruzdi-ne-zelim-vise-da-se-krijem","status":"publish","type":"post","link":"https:\/\/www.pcnen.com\/portal\/2019\/03\/23\/salman-ruzdi-ne-zelim-vise-da-se-krijem\/","title":{"rendered":"Salman Ru\u017edi: Ne \u017eelim vi\u0161e da se krijem"},"content":{"rendered":"<p>Pi\u0161\u010dev \u017eivot zauvijek se promijenio 14. februara 1989. kada je iranski duhovni vo\u0111a naredio Ru\u017edijevu smrt nakon \u0161to je njegov roman &#8220;Satanski stihovi&#8221; progla\u0161en svetogr\u0111em. Teheran je fetvu obnavljao godinu za godinom.<\/p>\n<p>Ru\u017edi, za koga neki ka\u017eu da je najve\u0107i indijski pisac nakon Tagore, proveo je 13 godina \u017eive\u0107i pod la\u017enim imenom i sa stalnom policijskom za\u0161titom.<\/p>\n<p>&#8220;Tada mi je bila 41 godina, sada mi je 71. Sada su stvari u redu. \u017divimo u svijetu u kojem se stvari mijenjaju jako brzo. A moj &#8216;predmet&#8217; je dosta star. Danas ima mnogo drugih stvari kojih se treba bojati i drugih ljudi koje \u017eele ubiti&#8221;, rekao je u razgovoru za AFP, prenosi portal 021.rs.<\/p>\n<p>Ru\u017edi je prestao da koristi la\u017eno ime nekoliko mjeseci nakon 11. septembra 2001, tri godine nakon \u0161to je tada\u0161nji iranski predsjednik Muhamed Hatami izjavio da fatva vi\u0161e ne vrijedi. Homeinijev naslednik, Ali Hamnei, nikada je nije zvani\u010dno povukao.<\/p>\n<p>To je razlog \u0161to je policija bila ispred vrata kancelarije njegovog francuskog izdava\u010da dok je razgovarao s novinarima AFP-a. Ka\u017ee da u Njujorku, gdje \u017eivi dvije decenije, vodi normalan \u017eivot i da se vozi metroom.<\/p>\n<p>&#8220;Satanski stihovi&#8221; bili su peta Ru\u017edijeva knjiga, a u me\u0111uvremenu ih je napisao jo\u0161 trinaest.<\/p>\n<p>Crne godine nasilnih protesta, kovanja planova da ga ubiju, ubistvo jednog od prevodilaca romana i ranjavanje jo\u0161 dvoje, sada se, ka\u017ee Ru\u017edi, \u010dine kao davna pro\u0161lost.<\/p>\n","protected":false},"excerpt":{"rendered":"<p>Nakon trideset godina \u017eivota provedenih u sjenci smrtne kazne koju mu je izrekao ajatolah Homeini, pisac Salman Ru\u017edi ka\u017ee da vi\u0161e ne \u017eeli da \u017eivi skrivaju\u0107i se.<\/p>\n","protected":false},"author":1,"featured_media":352485,"comment_status":"open","ping_status":"closed","sticky":false,"template":"","format":"standard","meta":{"_seopress_robots_primary_cat":"","_seopress_titles_title":"","_seopress_titles_desc":"","_seopress_robots_index":"","_et_pb_use_builder":"","_et_pb_old_content":"","_et_gb_content_width":"","inline_featured_image":false,"footnotes":""},"categories":[14],"tags":[],"class_list":["post-263347","post","type-post","status-publish","format-standard","has-post-thumbnail","hentry","category-vijesti"],"_links":{"self":[{"href":"https:\/\/www.pcnen.com\/portal\/wp-json\/wp\/v2\/posts\/263347","targetHints":{"allow":["GET"]}}],"collection":[{"href":"https:\/\/www.pcnen.com\/portal\/wp-json\/wp\/v2\/posts"}],"about":[{"href":"https:\/\/www.pcnen.com\/portal\/wp-json\/wp\/v2\/types\/post"}],"author":[{"embeddable":true,"href":"https:\/\/www.pcnen.com\/portal\/wp-json\/wp\/v2\/users\/1"}],"replies":[{"embeddable":true,"href":"https:\/\/www.pcnen.com\/portal\/wp-json\/wp\/v2\/comments?post=263347"}],"version-history":[{"count":1,"href":"https:\/\/www.pcnen.com\/portal\/wp-json\/wp\/v2\/posts\/263347\/revisions"}],"predecessor-version":[{"id":352488,"href":"https:\/\/www.pcnen.com\/portal\/wp-json\/wp\/v2\/posts\/263347\/revisions\/352488"}],"wp:featuredmedia":[{"embeddable":true,"href":"https:\/\/www.pcnen.com\/portal\/wp-json\/wp\/v2\/media\/352485"}],"wp:attachment":[{"href":"https:\/\/www.pcnen.com\/portal\/wp-json\/wp\/v2\/media?parent=263347"}],"wp:term":[{"taxonomy":"category","embeddable":true,"href":"https:\/\/www.pcnen.com\/portal\/wp-json\/wp\/v2\/categories?post=263347"},{"taxonomy":"post_tag","embeddable":true,"href":"https:\/\/www.pcnen.com\/portal\/wp-json\/wp\/v2\/tags?post=263347"}],"curies":[{"name":"wp","href":"https:\/\/api.w.org\/{rel}","templated":true}]}}