{"id":263331,"date":"2019-03-23T07:03:39","date_gmt":"2019-03-23T06:03:39","guid":{"rendered":"http:\/\/www.pcnen.com\/portal\/?p=263331"},"modified":"2019-03-23T07:38:52","modified_gmt":"2019-03-23T06:38:52","slug":"sastanak-uoci-novog-protesta-oduprise-97000","status":"publish","type":"post","link":"https:\/\/www.pcnen.com\/portal\/2019\/03\/23\/sastanak-uoci-novog-protesta-oduprise-97000\/","title":{"rendered":"Sastanak uo\u010di novog protesta &#8216;Oduprise 97000&#8217;"},"content":{"rendered":"<p><img loading=\"lazy\" decoding=\"async\" class=\"alignright size-medium wp-image-262963\" src=\"http:\/\/www.pcnen.com\/portal\/wp-content\/uploads\/2019\/03\/odupri-se-300x104.jpg\" alt=\"\" width=\"300\" height=\"104\" \/>U Podgorici je prethodne ve\u010deri odr\u017ean sastanak Organizacionog odbora gra\u0111anskih protesta &#8216;Oduprise 97000&#8217; sa predstavnicima parlamentarnih politi\u010dkih stranaka i nezavisnim poslanicima, a kako izvje\u0161tava portal Vijesti, pozivaju\u0107i se na nezvani\u010dne informacije, u\u010desnici sastanka su saglasni da je<a href=\"http:\/\/www.pcnen.com\/portal\/2019\/03\/21\/oduprise-97-000-nadamo-se-potpisu-svih-opozicionara\/\"> nacrt sporazuma koji je ponudio Organizacioni odbor<\/a> dobra osnova za saradnju.<\/p>\n<p>Predstavnici Demokratskog fronta nijesu do\u0161li na sastanak, uslovljavaju\u0107i svoje u\u010de\u0161\u0107e povla\u010denjem nacrta sporazuma.<\/p>\n<p>Na sastanak nije do\u0161ao ni predstavnik Demosa.<\/p>\n<p>\u201cImali smo konstruktivan rezgovor, dogovorili smo se da se susreti budu u\u010destaliji, da od ponedjeljka radimo na upodobljavanju dokumenta koji \u0107e potpisati svi politi\u010dki subjekti. Sjutra ve\u010de o\u010dekujemo svih 39 poslanika na bini&#8221;, kazao je sino\u0107 D\u017eemal Perovi\u0107, najeksponiraniji \u010dlan Organizacionog odbora, <a href=\"https:\/\/fosmedia.me\/infos\/politika\/perovic-nakon-sastanka-sjutra-na-bini-ocekujem-svih-39-poslanika-ima-volje-da-se\">prenosi portal FOS.<\/a><\/p>\n<p>Za ve\u010deras u 18.00 najavljen je <a href=\"https:\/\/www.facebook.com\/events\/275597683353493\/\">novi protest u Podgorici<\/a> u organizaciji &#8216;Oduprise 97000&#8217;.<\/p>\n","protected":false},"excerpt":{"rendered":"<p>DF uslovio u\u010de\u0161\u0107e povla\u010denjem nacrta sporazuma protesta i parlamentarne opozicije<\/p>\n","protected":false},"author":1,"featured_media":0,"comment_status":"open","ping_status":"closed","sticky":false,"template":"","format":"standard","meta":{"_seopress_robots_primary_cat":"","_seopress_titles_title":"","_seopress_titles_desc":"","_seopress_robots_index":"","_et_pb_use_builder":"","_et_pb_old_content":"","_et_gb_content_width":"","inline_featured_image":false,"footnotes":""},"categories":[14,12],"tags":[],"class_list":["post-263331","post","type-post","status-publish","format-standard","hentry","category-vijesti","category-prica-dana"],"_links":{"self":[{"href":"https:\/\/www.pcnen.com\/portal\/wp-json\/wp\/v2\/posts\/263331","targetHints":{"allow":["GET"]}}],"collection":[{"href":"https:\/\/www.pcnen.com\/portal\/wp-json\/wp\/v2\/posts"}],"about":[{"href":"https:\/\/www.pcnen.com\/portal\/wp-json\/wp\/v2\/types\/post"}],"author":[{"embeddable":true,"href":"https:\/\/www.pcnen.com\/portal\/wp-json\/wp\/v2\/users\/1"}],"replies":[{"embeddable":true,"href":"https:\/\/www.pcnen.com\/portal\/wp-json\/wp\/v2\/comments?post=263331"}],"version-history":[{"count":0,"href":"https:\/\/www.pcnen.com\/portal\/wp-json\/wp\/v2\/posts\/263331\/revisions"}],"wp:attachment":[{"href":"https:\/\/www.pcnen.com\/portal\/wp-json\/wp\/v2\/media?parent=263331"}],"wp:term":[{"taxonomy":"category","embeddable":true,"href":"https:\/\/www.pcnen.com\/portal\/wp-json\/wp\/v2\/categories?post=263331"},{"taxonomy":"post_tag","embeddable":true,"href":"https:\/\/www.pcnen.com\/portal\/wp-json\/wp\/v2\/tags?post=263331"}],"curies":[{"name":"wp","href":"https:\/\/api.w.org\/{rel}","templated":true}]}}