{"id":263321,"date":"2019-03-23T06:19:03","date_gmt":"2019-03-23T05:19:03","guid":{"rendered":"http:\/\/www.pcnen.com\/portal\/?p=263321"},"modified":"2019-03-23T23:21:55","modified_gmt":"2019-03-23T22:21:55","slug":"opozicioni-politicari-i-protestujuci-gradani","status":"publish","type":"post","link":"https:\/\/www.pcnen.com\/portal\/2019\/03\/23\/opozicioni-politicari-i-protestujuci-gradani\/","title":{"rendered":"Opozicioni politi\u010dari i protestuju\u0107i gra\u0111ani"},"content":{"rendered":"<p><strong><img loading=\"lazy\" decoding=\"async\" class=\"alignright size-medium wp-image-218028\" src=\"http:\/\/www.pcnen.com\/portal\/wp-content\/uploads\/2016\/12\/Zlatko-Pakovic-300x220.jpg\" alt=\"\" width=\"300\" height=\"220\" \/>Pi\u0161e: Zlatko Pakovi\u0107<\/strong><\/p>\n<p>Lo\u0161e planirana, ili \u010dak neplanirana (ali ne i spontana), akcija protestnog ulaska u zgradu RTS-a u Takovskoj ulici, s ciljem da se \u201epredstavnici gra\u0111anskog protesta\u201c obrate gledaocima te iste ve\u010deri u direktnom prenosu\u2026<\/p>\n<p>\u2026 jer je na RTS-u, uprkos njegovom sloganu \u201eVa\u0161e pravo da znate sve\u201c, javnosti u potpunosti uskra\u0107eno pravo da je javni medijski servis obave\u0161tava o gra\u0111anskim protestima koji su ozbiljno zahvatili Srbiju, urodila je, neo\u010dekivano, lepom nuspojavom gra\u0111anske solidarnosti i neposlu\u0161nosti.<\/p>\n<p>Vlasti su uhapsile nekoliko gra\u0111ana koji su \u201ebez poziva i najave u\u0161li\u201c u zgradu RTS-a, ali ne i opozicione politi\u010dare koji su taj \u201eupad\u201c, taj \u201eprodor\u201c predvodili (sic!). Me\u0111u uhap\u0161enim gra\u0111anima na\u0161ao se i tek opunole\u0107eni mladi\u0107 Pavle Cveji\u0107, u\u010denik Filolo\u0161ke gimnazije u Beogradu. Na vest da je Pavlu, koji je koristio svoje ustavno pravo da protestuje, izre\u010dena mera tridesetodnevnog pritvora, u protest za njegovo promptno osloba\u0111anje, odmah su se organizovali njegovi \u0161kolski drugovi, a s njima i onaj di\u010dni profesor koji je rekao da ne mo\u017ee dr\u017eati \u010das dok je njegov u\u010denik u zatvoru. Ova dogledna budu\u0107nost Srbije iza\u0161la je na ulice i magnoveno porazila daleku pro\u0161lost Srbije, koja je, na na\u0161u \u017ealost i trpljenje, jo\u0161 uvek na snazi.<\/p>\n<p>Akcijom gimnazijalaca \u010ditavo dru\u0161tvo podiglo se sada zna\u010dajno uvis u osvajanju sopstvene slobode. Pavle je pu\u0161ten iz pritvora, ali njegovi drugovi i drugarice gimnazijalci, kojima su se sada pridru\u017eili i studenti, ne \u017eele da glume naivnost. Oslobo\u0111en im je drug, ali na snazi je sistem koji sebi daje za pravo da protivustavno hapsi ljude, mlade ili stare, samo zato \u0161to ti isti ljudi ukazuju na to da se najvi\u0161i nosioci vlasti u Srbiji pona\u0161aju protivzakonito:<\/p>\n<p>Predsednik Republike Srbije, Premijer(ka) Republike Srbije, \u010dlanovi predsednikovog kabineta, ministri u vladi, predsednici op\u0161tina u kojima vlada SNS i gotovo svi SNS-ovi kadrovi na javnim funkcijama svakodnevno kr\u0161e Ustav. Drugim re\u010dima, umesto da ih \u0161tite, svakodnevno prolivaju krv va\u017ee\u0107im zakonima. Zato mi, gra\u0111anke i gra\u0111ani Srbije, ustajemo protiv vas koje smo opunomo\u0107ili da vodite dr\u017eavu najbolje mogu\u0107e, kako bi nam bili omogu\u0107eni uslovi u kojima najbolje mo\u017eemo da obavljamo svoje profesionalne zadatke i izvr\u0161avamo moralne obaveze. U tome je sve, po\u010detak i kraj na\u0161eg odnosa. Ne pristajemo, dakle, da \u017eivimo u uslovima u kojima, da bismo pre\u017eiveli, treba da budemo nemoralni. U ime Ustava, u ime pravde i budu\u0107nosti republike, vlast koja se otrgla zakonu, mora biti opozvana.<\/p>\n<p>Sada \u0107emo se vratiti prvoj re\u010denici ovog teksta, u kojoj ima nekoliko neraspetljanih \u010dvori\u0161ta, koja su, u stvari, \u010dvori\u0161ta aktuelnog gra\u0111anskog protesta, a njihovo raspetljavanje predstavlja putokaz za slobodan i uspe\u0161an protok gra\u0111anske neposlu\u0161nosti, koja jedina mo\u017ee do\u0107i glave sada\u0161njem mra\u010dnom re\u017eimu.<\/p>\n<p>Re\u010deno je da akcija ulaska u zgradu RTS-a nije dobro planirana. \u0160ta to zna\u010di? To zna\u010di da gra\u0111ani imaju ozakonjeno pravo ne samo da ne\u017eno ispostave zahtev da sa svojim protestnim ciljevima moraju biti vidljivi u medijima koji su u njihovom vlasni\u0161tvu, nego da, ukoliko medijski javni servis ne radi u interesu gra\u0111ana i time kr\u0161i Ustav, imaju pravo i da ga zauzmu, te da sami raspuste njegovo rukovodstvo, kao \u0161to imaju pravo da zauzmu i Vladu i Predsedni\u0161tvo Republike i Narodnu skup\u0161tinu, ukoliko to predsedni\u0161tvo i ta vlada i ta skup\u0161tina rade direktno protiv slobode svojih gra\u0111ana i ekonomske budu\u0107nosti njihove republike.<\/p>\n<p>Zatim, re\u010deno je, u zahtevu, da javnosti preko RTS-a treba da se obrate \u201epredstavnici gra\u0111anskog protesta\u201c, no, ko su oni? Prema logici samog gra\u0111anskog protesta, to sigurno ne treba da budu oni politi\u010dari koji su se tu predstavili upravo kao predstavnici, a me\u0111u njima istakla su se dvojica: Bo\u0161ko Obradovi\u0107 i Dragan \u0110ilas. Prvi, Obradovi\u0107, bez sumnje, od svih politi\u010dara najkonsekventniji je u svojoj antivu\u010di\u0107evskoj kampanji i retorici, ali njegovi utvr\u0111eni politi\u010dki stavovi, u kojima ima mesta i vremena za divinizovanje osu\u0111enih i nesu\u0111enih ratnih zlikovaca, za fa\u0161isti\u010dku ideologiju Dimitrija Ljoti\u0107a, za homofobiju i tome sli\u010dno, nije deo re\u0161enja, nego deo problema koji se, uspehom ovih protesta mora trajno otkloniti da bi Srbija do\u017eivela novu, demokratsku epohu. Drugi, Dragan \u0110ilas, biznismen je i politi\u010dar. S praksom tog objedinjenja privatnog poslovanja i javne funkcije, na\u0161a republika mora pod hitno da raskrsti. Za\u0161to? To otkriva Henri Dejvid Toro, u znamenitom eseju \u201eGra\u0111anska neposlu\u0161nost\u201c: \u201eBogat \u010dovek se uvek prodaje instituciji koja ga je u\u010dinila bogatim. \u0160to vi\u0161e novca, to manje vrline, apsolutno.\u201c<\/p>\n<p>Dakako, opozicione politi\u010dke partije imaju pravo na u\u010de\u0161\u0107e u gra\u0111anskom protestu, one su deo dru\u0161tva, ali je va\u017eno da u gra\u0111anskom protestu u\u010destvuju u interesu gra\u0111ana, a ne da tu tra\u017ee priliku za partikularni interes. U tom smislu, najlekovitiji mogu\u0107i potez, apsolutni presedan na na\u0161oj politi\u010dkoj sceni, koji bi izazvao odu\u0161ak javnosti i enormno podstakao gra\u0111ane na protest, bio bi taj da se opozicioni politi\u010dari, dobro poznati javnosti, obave\u017eu da, u narednih deset godina po obaranju re\u017eima A. Vu\u010di\u0107a, ne\u0107e prihvatiti nijednu javnu funkciju.<\/p>\n<p><a href=\"https:\/\/www.danas.rs\/kolumna\/zlatko-pakovic\/opozicioni-politicari-i-protestujuci-gradjani\/\">Danas<\/a><\/p>\n","protected":false},"excerpt":{"rendered":"<p>Opozicija da u gra\u0111anskom protestu ne tra\u017ei priliku za partikularni interes<\/p>\n","protected":false},"author":1,"featured_media":0,"comment_status":"open","ping_status":"closed","sticky":false,"template":"","format":"standard","meta":{"_seopress_robots_primary_cat":"","_seopress_titles_title":"","_seopress_titles_desc":"","_seopress_robots_index":"","_et_pb_use_builder":"","_et_pb_old_content":"","_et_gb_content_width":"","inline_featured_image":false,"footnotes":""},"categories":[5],"tags":[],"class_list":["post-263321","post","type-post","status-publish","format-standard","hentry","category-drugi-pisu"],"_links":{"self":[{"href":"https:\/\/www.pcnen.com\/portal\/wp-json\/wp\/v2\/posts\/263321","targetHints":{"allow":["GET"]}}],"collection":[{"href":"https:\/\/www.pcnen.com\/portal\/wp-json\/wp\/v2\/posts"}],"about":[{"href":"https:\/\/www.pcnen.com\/portal\/wp-json\/wp\/v2\/types\/post"}],"author":[{"embeddable":true,"href":"https:\/\/www.pcnen.com\/portal\/wp-json\/wp\/v2\/users\/1"}],"replies":[{"embeddable":true,"href":"https:\/\/www.pcnen.com\/portal\/wp-json\/wp\/v2\/comments?post=263321"}],"version-history":[{"count":0,"href":"https:\/\/www.pcnen.com\/portal\/wp-json\/wp\/v2\/posts\/263321\/revisions"}],"wp:attachment":[{"href":"https:\/\/www.pcnen.com\/portal\/wp-json\/wp\/v2\/media?parent=263321"}],"wp:term":[{"taxonomy":"category","embeddable":true,"href":"https:\/\/www.pcnen.com\/portal\/wp-json\/wp\/v2\/categories?post=263321"},{"taxonomy":"post_tag","embeddable":true,"href":"https:\/\/www.pcnen.com\/portal\/wp-json\/wp\/v2\/tags?post=263321"}],"curies":[{"name":"wp","href":"https:\/\/api.w.org\/{rel}","templated":true}]}}