{"id":263310,"date":"2019-03-22T18:42:00","date_gmt":"2019-03-22T17:42:00","guid":{"rendered":"http:\/\/www.pcnen.com\/portal\/?p=263310"},"modified":"2019-03-22T19:13:26","modified_gmt":"2019-03-22T18:13:26","slug":"zivi-stit-oko-dzamije-u-stokholmu","status":"publish","type":"post","link":"https:\/\/www.pcnen.com\/portal\/2019\/03\/22\/zivi-stit-oko-dzamije-u-stokholmu\/","title":{"rendered":"\u017divi \u0161tit oko d\u017eamije u Stokholmu"},"content":{"rendered":"<p><img loading=\"lazy\" decoding=\"async\" class=\"alignright size-medium wp-image-199958\" src=\"http:\/\/www.pcnen.com\/portal\/wp-content\/uploads\/2016\/02\/dzamija-300x169.jpg\" alt=\"\" width=\"300\" height=\"169\" \/>Desetine gra\u0111ana Stokholma, glavnog grada \u0160vedske, su danas formirali \u017eivi \u0161titi oko d\u017eamije u kako bi muslimanima omogu\u0107ili da neometano obave d\u017euma-namaz, molitvu petkom u podne.<\/p>\n<p>Ova reakcija uslijedila je zbog mogu\u0107nost da bi do\u0111e do incidenta, a nakon pro\u0161losedmi\u010dnog teroristi\u010dkog napada na dvije d\u017eamije u novozelandskom gradu Kris\u010dercu, u kojima je ubijeno 50 i ranjeno vi\u0161e desetina muslimana, prenosi portal Klix.ba.<\/p>\n","protected":false},"excerpt":{"rendered":"<p>Desetine gra\u0111ana Stokholma, glavnog grada \u0160vedske, su danas formirali \u017eivi \u0161titi oko d\u017eamije u kako bi muslimanima omogu\u0107ili da neometano obave d\u017euma-namaz, molitvu petkom u podne. Ova reakcija uslijedila je zbog mogu\u0107nost da bi do\u0111e do incidenta, a nakon pro\u0161losedmi\u010dnog teroristi\u010dkog napada na dvije d\u017eamije u novozelandskom gradu Kris\u010dercu, u kojima je ubijeno 50 i [&hellip;]<\/p>\n","protected":false},"author":1,"featured_media":0,"comment_status":"open","ping_status":"closed","sticky":false,"template":"","format":"standard","meta":{"_seopress_robots_primary_cat":"","_seopress_titles_title":"","_seopress_titles_desc":"","_seopress_robots_index":"","_et_pb_use_builder":"","_et_pb_old_content":"","_et_gb_content_width":"","inline_featured_image":false,"footnotes":""},"categories":[14,12],"tags":[],"class_list":["post-263310","post","type-post","status-publish","format-standard","hentry","category-vijesti","category-prica-dana"],"_links":{"self":[{"href":"https:\/\/www.pcnen.com\/portal\/wp-json\/wp\/v2\/posts\/263310","targetHints":{"allow":["GET"]}}],"collection":[{"href":"https:\/\/www.pcnen.com\/portal\/wp-json\/wp\/v2\/posts"}],"about":[{"href":"https:\/\/www.pcnen.com\/portal\/wp-json\/wp\/v2\/types\/post"}],"author":[{"embeddable":true,"href":"https:\/\/www.pcnen.com\/portal\/wp-json\/wp\/v2\/users\/1"}],"replies":[{"embeddable":true,"href":"https:\/\/www.pcnen.com\/portal\/wp-json\/wp\/v2\/comments?post=263310"}],"version-history":[{"count":0,"href":"https:\/\/www.pcnen.com\/portal\/wp-json\/wp\/v2\/posts\/263310\/revisions"}],"wp:attachment":[{"href":"https:\/\/www.pcnen.com\/portal\/wp-json\/wp\/v2\/media?parent=263310"}],"wp:term":[{"taxonomy":"category","embeddable":true,"href":"https:\/\/www.pcnen.com\/portal\/wp-json\/wp\/v2\/categories?post=263310"},{"taxonomy":"post_tag","embeddable":true,"href":"https:\/\/www.pcnen.com\/portal\/wp-json\/wp\/v2\/tags?post=263310"}],"curies":[{"name":"wp","href":"https:\/\/api.w.org\/{rel}","templated":true}]}}