{"id":263292,"date":"2019-03-22T10:40:25","date_gmt":"2019-03-22T09:40:25","guid":{"rendered":"http:\/\/www.pcnen.com\/portal\/?p=263292"},"modified":"2019-03-22T17:35:05","modified_gmt":"2019-03-22T16:35:05","slug":"vise-od-dvije-milijarde-ljudi-zivi-bez-vode","status":"publish","type":"post","link":"https:\/\/www.pcnen.com\/portal\/2019\/03\/22\/vise-od-dvije-milijarde-ljudi-zivi-bez-vode\/","title":{"rendered":"Vi\u0161e od dvije milijarde ljudi \u017eivi bez vode"},"content":{"rendered":"<p><img loading=\"lazy\" decoding=\"async\" class=\"alignright size-medium wp-image-224309\" src=\"http:\/\/www.pcnen.com\/portal\/wp-content\/uploads\/2017\/04\/voda-300x220.jpg\" alt=\"\" width=\"300\" height=\"220\" \/>Prema podacima Ujedinjenih nacija, danas vi\u0161e od dvije milijarde ljudi \u0161irom svijeta \u017eivi bez vode za pi\u0107e u svojim domovima;<\/p>\n<p>* oko \u010detiri milijarde ljudi, \u0161to je skoro dvije tre\u0107ine svjetske populacije, do\u017eivljavaju te\u0161ku nesta\u0161icu vode u trajanju od najmanje mjesec dana tokom godine;<br \/>\n* oko 159 miliona ljudi skupljaju pitku vodu iz povr\u0161inskih voda, kao \u0161to su jezera, rijeke i potoci;<br \/>\n* vi\u0161e od 700 miliona ljudi moglo bi da bude zahva\u0107eno intenzivnom nesta\u0161icom vode do 2030. godine;<br \/>\n* oko 68,5 miliona izbjeglica \u0161irom svijeta danas imaju problemati\u010dan pristup pitkoj vodi;<br \/>\n* oko 5 miliona ljudi \u0161irom planete godi\u0161nje umre od bolesti izazvanih zaga\u0111enom vodom;<br \/>\n* vi\u0161e od 700 djece ispod pet godina starosti umire svakog dana od bolesti izazvanih zaga\u0111enom vodom ili lo\u0161ih sanitarnih uslova.<\/p>\n<p>Svjetski dan voda obilje\u017eava se svake godine 22. marta s ciljem podizanja svijesti javnosti i usmjeravanja globalne pa\u017enje na zna\u010daj i va\u017enost vode, te promociju odr\u017eivog kori\u0161\u0107enja postoje\u0107ih vodenih resursa.<\/p>\n<p>Ovogodi\u0161nji slogan Svjetskog dana voda 2019 je Leaving no one behind \u2013 Ne ostavimo nikog iza (bez vode) &#8211; Voda za sve!, a njime se \u017eeli apelovati na jednaka prava pristupu sigurnoj vodi za sve ljude, ukazuju\u0107i na globalne trendove smanjenja raspolo\u017eivih zaliha vode, uzrokovane njenim neracionalnim tro\u0161enjem i one\u010di\u0161\u0107enjima voda, prenosi Fena.<\/p>\n<p>Vodene krize postaju sve aktualnije \u0161irom svijeta, posebno u vodom siroma\u0161nim krajevima i rastu\u0107im urbanim sredinama, \u010demu dodatno doprinose klimatske promjene s izmjenom su\u0161nih i ki\u0161nih razdoblja, prirodne katastrofe i ratna zbivanja.<\/p>\n<p>Prve va\u017ene preporuke o problemima vezanim za vodu i vodene resurse bile su formulisane na konferenciji Ujedinjenih nacija o vodama koja je odr\u017eana 1977. godine u Mar del Plati (Argentina). Nakon konferencije Ujedinjenih nacija o okolini i razvoju u Rio de \u017denejru, Op\u0161ta skup\u0161tina UN je rezolucijom od 22. februara 1993. odlu\u010dila da se 22. marta obilje\u017ei kao Svjetski dan voda i da se na taj dan, diljem svijeta, posebno skrene pa\u017enja na probleme u vezi sa vodom i vodenim resursima, s tim da se svake godine obilje\u017eava uz drugi moto.<\/p>\n","protected":false},"excerpt":{"rendered":"<p>Prema podacima Ujedinjenih nacija, danas vi\u0161e od dvije milijarde ljudi \u0161irom svijeta \u017eivi bez vode za pi\u0107e u svojim domovima; * oko \u010detiri milijarde ljudi, \u0161to je skoro dvije tre\u0107ine svjetske populacije, do\u017eivljavaju te\u0161ku nesta\u0161icu vode u trajanju od najmanje mjesec dana tokom godine; * oko 159 miliona ljudi skupljaju pitku vodu iz povr\u0161inskih voda, [&hellip;]<\/p>\n","protected":false},"author":1,"featured_media":0,"comment_status":"open","ping_status":"closed","sticky":false,"template":"","format":"standard","meta":{"_seopress_robots_primary_cat":"","_seopress_titles_title":"","_seopress_titles_desc":"","_seopress_robots_index":"","_et_pb_use_builder":"","_et_pb_old_content":"","_et_gb_content_width":"","inline_featured_image":false,"footnotes":""},"categories":[14,12],"tags":[],"class_list":["post-263292","post","type-post","status-publish","format-standard","hentry","category-vijesti","category-prica-dana"],"_links":{"self":[{"href":"https:\/\/www.pcnen.com\/portal\/wp-json\/wp\/v2\/posts\/263292","targetHints":{"allow":["GET"]}}],"collection":[{"href":"https:\/\/www.pcnen.com\/portal\/wp-json\/wp\/v2\/posts"}],"about":[{"href":"https:\/\/www.pcnen.com\/portal\/wp-json\/wp\/v2\/types\/post"}],"author":[{"embeddable":true,"href":"https:\/\/www.pcnen.com\/portal\/wp-json\/wp\/v2\/users\/1"}],"replies":[{"embeddable":true,"href":"https:\/\/www.pcnen.com\/portal\/wp-json\/wp\/v2\/comments?post=263292"}],"version-history":[{"count":0,"href":"https:\/\/www.pcnen.com\/portal\/wp-json\/wp\/v2\/posts\/263292\/revisions"}],"wp:attachment":[{"href":"https:\/\/www.pcnen.com\/portal\/wp-json\/wp\/v2\/media?parent=263292"}],"wp:term":[{"taxonomy":"category","embeddable":true,"href":"https:\/\/www.pcnen.com\/portal\/wp-json\/wp\/v2\/categories?post=263292"},{"taxonomy":"post_tag","embeddable":true,"href":"https:\/\/www.pcnen.com\/portal\/wp-json\/wp\/v2\/tags?post=263292"}],"curies":[{"name":"wp","href":"https:\/\/api.w.org\/{rel}","templated":true}]}}