{"id":263252,"date":"2019-03-21T12:07:28","date_gmt":"2019-03-21T11:07:28","guid":{"rendered":"http:\/\/www.pcnen.com\/portal\/?p=263252"},"modified":"2019-03-21T13:05:27","modified_gmt":"2019-03-21T12:05:27","slug":"oduprise-97-000-nadamo-se-potpisu-svih-opozicionara","status":"publish","type":"post","link":"https:\/\/www.pcnen.com\/portal\/2019\/03\/21\/oduprise-97-000-nadamo-se-potpisu-svih-opozicionara\/","title":{"rendered":"&#8216;Oduprise 97.000&#8217;: Nadamo se potpisu svih opozicionara"},"content":{"rendered":"<p><img loading=\"lazy\" decoding=\"async\" class=\"alignleft size-medium wp-image-262963\" src=\"http:\/\/www.pcnen.com\/portal\/wp-content\/uploads\/2019\/03\/odupri-se-300x104.jpg\" alt=\"\" width=\"300\" height=\"104\" \/>Organizacioni odbor gra\u0111anskih protesta &#8216;Oduprise 97.000&#8217; je danas prekratio spekulacije oko dokumenta koji se pojavio u javnosti, obja\u0161njavaju\u0107i, <a href=\"https:\/\/www.facebook.com\/oduprisecg\/videos\/422558028553057\/\">na konferenciji za \u0161tampu,<\/a> da je rije\u010d o nacrtu koji je ponu\u0111en opozicionim partijama na sugestije i doradu, a potom i na potpisivanje. U tom nacrtu, kako je kazao D\u017eemal Perovi\u0107, jedan od najeksponiranijih \u010dlanova Organizacionog odbora, samo su nepromjenljivi oni djelovi koji su na dosada\u0161njim protestima ve\u0107 prihva\u0107eni od u\u010desnika.<\/p>\n<p>Perovi\u0107 je izrazio nadu da \u0107e sve opozicione partije potpisati predlo\u017eeni dokument do subote, za kada je najavljen novi protest.<\/p>\n<p>On je kazao da zahtjevi prema vlasti jesu ultimativni, ali ne i oni koji se odnose na opoziciju.<\/p>\n<p>&#8220;Ovo \u0161to nudimo je mapa puta, na\u010din kako da se do\u0111e do smjene vlasti u Crnoj Gori i kako da se to u\u010dini. Ne onako kako je to zaprijetio premijer Markovi\u0107 &#8211; prevratom-nego mirnom tranziciojom&#8221;, kazao je Perovi\u0107.<\/p>\n<p>On je upozorio da napadi na ovaj Organizacioni odbor &#8220;ni\u0161ta dobro ne\u0107e donijeti re\u017eimu&#8221;. &#8220;Re\u017eim ima posla sa gra\u0111anima, a mi smo tu samo da artikuli\u0161emo njihovu volju&#8221;, kazao je Perovi\u0107.<img loading=\"lazy\" decoding=\"async\" class=\"alignright size-medium wp-image-261833\" src=\"http:\/\/www.pcnen.com\/portal\/wp-content\/uploads\/2019\/02\/Odupri-se-treci-put-300x225.jpg\" alt=\"\" width=\"300\" height=\"225\" \/><\/p>\n<p>\u010clan Organizacionog odbora Slavi\u0161a Grubi\u0161a je saop\u0161tio osnovne zahtjeve, kako su predstavljeni u nacrtu sporazuma:<br \/>\n-zalaganje za vladu nacionalnog jedinstva, ograni\u010denog mandata, \u010diji \u0107e zadatak biti obezbje\u0111ivanje uslova za odr\u017eavanje slobodnih i po\u0161tenih izbora;<br \/>\n-ta vlada bi bila sastavljena na paritetnoj osnovi &#8211; tre\u0107inu bi \u010dinili predstavnici stranaka vladaju\u0107e ve\u0107ine, a ostale dvije tre\u0107ine predstavnici parlamentarne opozicije i nestrana\u010dke li\u010dnosti;<br \/>\n-Na \u010delu te vlade ne mo\u017ee biti neko iz stranaka koje su sada na vlasti;<br \/>\n&#8211; Potpisnici sporazuma se obavezuju da ne u\u010destvuju ni na jednim izborima koji bi bili zakazani prije ispunjenja osnovnog zadatka vlade nacionalnog jedinstva;<\/p>\n<p>&#8211; Potpisnici sporazuma ne\u0107e u\u010destvovati u radu Skup\u0161tine Crne Gore do razrje\u0161enja politi\u010dke krize i ispunjenja zahtjeva gra\u0111ana saop\u0161tenih na protestima;<br \/>\n&#8211; Vlada nacionalnog jedinstva nijednom svojom odlukom ne\u0107e mijenjati dosada\u0161nju spoljnopoliti\u010dku orijentaciju Crne Gore.<\/p>\n<p>Na pregovore sa vlastima \u0107e i\u0107i ujedinjena opozicija, zaedno s nama, naglasio je Perovi\u0107, odgovaraju\u0107i na novinarsko pitanje. On je ponovio da <a href=\"http:\/\/www.pcnen.com\/portal\/2019\/02\/02\/odrzan-gradanski-protest-97000-odupri-se\/\">zahtjevi o ostavkama,\u00a0<\/a>saop\u0161teni na prva dva protesta u Podgorici,\u00a0 ostaju na snazi.<\/p>\n<p>Perovi\u0107 je pozvao Du\u0161ka Kne\u017eevi\u0107a da nastavi, kao insajder, da raskrinkava re\u017eim, a da ne poku\u0161ava da preuzme protest.<\/p>\n","protected":false},"excerpt":{"rendered":"<p>&#8220;Re\u017eim ima posla sa gra\u0111anima, a mi smo tu samo da artikuli\u0161emo njihovu volju&#8221;, kazao je Perovi\u0107.<\/p>\n","protected":false},"author":1,"featured_media":0,"comment_status":"open","ping_status":"closed","sticky":false,"template":"","format":"standard","meta":{"_seopress_robots_primary_cat":"","_seopress_titles_title":"","_seopress_titles_desc":"","_seopress_robots_index":"","_et_pb_use_builder":"","_et_pb_old_content":"","_et_gb_content_width":"","inline_featured_image":false,"footnotes":""},"categories":[14,12],"tags":[],"class_list":["post-263252","post","type-post","status-publish","format-standard","hentry","category-vijesti","category-prica-dana"],"_links":{"self":[{"href":"https:\/\/www.pcnen.com\/portal\/wp-json\/wp\/v2\/posts\/263252","targetHints":{"allow":["GET"]}}],"collection":[{"href":"https:\/\/www.pcnen.com\/portal\/wp-json\/wp\/v2\/posts"}],"about":[{"href":"https:\/\/www.pcnen.com\/portal\/wp-json\/wp\/v2\/types\/post"}],"author":[{"embeddable":true,"href":"https:\/\/www.pcnen.com\/portal\/wp-json\/wp\/v2\/users\/1"}],"replies":[{"embeddable":true,"href":"https:\/\/www.pcnen.com\/portal\/wp-json\/wp\/v2\/comments?post=263252"}],"version-history":[{"count":0,"href":"https:\/\/www.pcnen.com\/portal\/wp-json\/wp\/v2\/posts\/263252\/revisions"}],"wp:attachment":[{"href":"https:\/\/www.pcnen.com\/portal\/wp-json\/wp\/v2\/media?parent=263252"}],"wp:term":[{"taxonomy":"category","embeddable":true,"href":"https:\/\/www.pcnen.com\/portal\/wp-json\/wp\/v2\/categories?post=263252"},{"taxonomy":"post_tag","embeddable":true,"href":"https:\/\/www.pcnen.com\/portal\/wp-json\/wp\/v2\/tags?post=263252"}],"curies":[{"name":"wp","href":"https:\/\/api.w.org\/{rel}","templated":true}]}}