{"id":263244,"date":"2019-03-21T15:26:11","date_gmt":"2019-03-21T14:26:11","guid":{"rendered":"http:\/\/www.pcnen.com\/portal\/?p=263244"},"modified":"2019-03-21T15:41:08","modified_gmt":"2019-03-21T14:41:08","slug":"drzavni-udar-u-sudnici-specijalni-tuzilac-trazi-vecu-kaznu-za-mandica-nego-za-knezevica","status":"publish","type":"post","link":"https:\/\/www.pcnen.com\/portal\/2019\/03\/21\/drzavni-udar-u-sudnici-specijalni-tuzilac-trazi-vecu-kaznu-za-mandica-nego-za-knezevica\/","title":{"rendered":"\u2018Dr\u017eavni udar\u2019 u sudnici:  Specijalni tu\u017eilac tra\u017ei ve\u0107u kaznu za Mandi\u0107a nego za Kne\u017eevi\u0107a"},"content":{"rendered":"<p><iframe loading=\"lazy\" title=\"Vi\u0161i sud Podgorica Live Stream\" width=\"1080\" height=\"608\" src=\"https:\/\/www.youtube.com\/embed\/93PAC7mJ2KI?feature=oembed\" frameborder=\"0\" allow=\"accelerometer; autoplay; clipboard-write; encrypted-media; gyroscope; picture-in-picture; web-share\" allowfullscreen><\/iframe><\/p>\n<p>Specijalni tu\u017eilac Sa\u0161a \u010ca\u0111enovi\u0107 je, u zavr\u0161noj rije\u010di, predlo\u017eio Sudskom vije\u0107u Vi\u0161eg suda u Podgorici da izrekne maksimalne mogu\u0107e kazne ruskim dr\u017eavljanima Eduardu \u0160i\u0161makovu i Vladimiru Popovu, kao i za dr\u017eavljanima Srbije Oredragu Bogi\u0107evi\u0107u i Nemanji Risti\u0107u, kojima se sudilo u odsustvu u procesu optu\u017eenima za terorizam, odnosno nasilnu promjenu vlasti u Crnoj Gori 16. oktobra 2016. godine, na dan parlamentarnih izbora. <\/p>\n<p>Za jednog od dvojice optu\u017eenih lidera Demokratskog fronta, Milana Kne\u017eevi\u0107a, tu\u017eilac je predlo\u017eio bla\u017eu kaznu, za razliku od Andrije Mandi\u0107a i njegovog voza\u010da Mihaila \u010ca\u0111enovi\u0107a, za koje je tra\u017eio ve\u0107e kazne.<\/p>\n<p>Za troje optu\u017enih dr\u017eavljana Srbije koji se nalaze u pritvoru, specijalni tu\u017eilac je rekao da nemaju ote\u017eavaju\u0107ih okolnosti, a za biv\u0161eg komandanta srbijanske \u017eandarmerije Bratislava Diki\u0107a rekao je da je se vrijeme provedeno u pritvoru mo\u017ee smatrati odgovaraju\u0107om kaznom  zanjega. Za optu\u017eenu Branku Mili\u0107, koja se nije \u017eeljela vratiti u pritvor nego se sklonila u ambasadu Srbije, specijalni tu\u017eilac je rekao da nema olak\u0161avaju\u0107ih okolnosti.<\/p>\n","protected":false},"excerpt":{"rendered":"<p>Specijalni tu\u017eilac Sa\u0161a \u010ca\u0111enovi\u0107 je, u zavr\u0161noj rije\u010di, predlo\u017eio Sudskom vije\u0107u Vi\u0161eg suda u Podgorici da izrekne maksimalne mogu\u0107e kazne ruskim dr\u017eavljanima Eduardu \u0160i\u0161makovu i Vladimiru Popovu, kao i za dr\u017eavljanima Srbije Oredragu Bogi\u0107evi\u0107u i Nemanji Risti\u0107u, kojima se sudilo u odsustvu u procesu optu\u017eenima za terorizam, odnosno nasilnu promjenu vlasti u Crnoj Gori 16. [&hellip;]<\/p>\n","protected":false},"author":1,"featured_media":0,"comment_status":"open","ping_status":"closed","sticky":false,"template":"","format":"standard","meta":{"_seopress_robots_primary_cat":"","_seopress_titles_title":"","_seopress_titles_desc":"","_seopress_robots_index":"","_et_pb_use_builder":"","_et_pb_old_content":"","_et_gb_content_width":"","inline_featured_image":false,"footnotes":""},"categories":[14,12],"tags":[],"class_list":["post-263244","post","type-post","status-publish","format-standard","hentry","category-vijesti","category-prica-dana"],"_links":{"self":[{"href":"https:\/\/www.pcnen.com\/portal\/wp-json\/wp\/v2\/posts\/263244","targetHints":{"allow":["GET"]}}],"collection":[{"href":"https:\/\/www.pcnen.com\/portal\/wp-json\/wp\/v2\/posts"}],"about":[{"href":"https:\/\/www.pcnen.com\/portal\/wp-json\/wp\/v2\/types\/post"}],"author":[{"embeddable":true,"href":"https:\/\/www.pcnen.com\/portal\/wp-json\/wp\/v2\/users\/1"}],"replies":[{"embeddable":true,"href":"https:\/\/www.pcnen.com\/portal\/wp-json\/wp\/v2\/comments?post=263244"}],"version-history":[{"count":0,"href":"https:\/\/www.pcnen.com\/portal\/wp-json\/wp\/v2\/posts\/263244\/revisions"}],"wp:attachment":[{"href":"https:\/\/www.pcnen.com\/portal\/wp-json\/wp\/v2\/media?parent=263244"}],"wp:term":[{"taxonomy":"category","embeddable":true,"href":"https:\/\/www.pcnen.com\/portal\/wp-json\/wp\/v2\/categories?post=263244"},{"taxonomy":"post_tag","embeddable":true,"href":"https:\/\/www.pcnen.com\/portal\/wp-json\/wp\/v2\/tags?post=263244"}],"curies":[{"name":"wp","href":"https:\/\/api.w.org\/{rel}","templated":true}]}}