{"id":263242,"date":"2019-03-21T07:47:08","date_gmt":"2019-03-21T06:47:08","guid":{"rendered":"http:\/\/www.pcnen.com\/portal\/?p=263242"},"modified":"2019-03-21T07:47:08","modified_gmt":"2019-03-21T06:47:08","slug":"predsjednistvo-dps-protesti-legitimni-ali-bez-ultimatuma","status":"publish","type":"post","link":"https:\/\/www.pcnen.com\/portal\/2019\/03\/21\/predsjednistvo-dps-protesti-legitimni-ali-bez-ultimatuma\/","title":{"rendered":"Predsjedni\u0161tvo DPS: Protesti legitimni, ali bez ultimatuma"},"content":{"rendered":"<p><img loading=\"lazy\" decoding=\"async\" class=\"alignleft size-medium wp-image-59124\" src=\"http:\/\/www.pcnen.com\/portal\/wp-content\/uploads\/2011\/08\/DPS-300x182.jpg\" alt=\"\" width=\"300\" height=\"182\" \/>Predsjedni\u0161tvo Demokratske partije socijalista je zaklju\u010dilo \u201cda su protesti legitiman na\u010din ispoljavanja odre\u0111enih stavova, uz ocjenu da je rije\u010d o isklju\u010divo politi\u010dki motivisanim skupovima\u201c, <a href=\"https:\/\/www.dps.me\/me\/vijest\/predsjednistvo-dps-utvrdena-dinamika-priprema-za-predstojeci-kongres\">saop\u0161teno je nakon sjednice rukovodstva vladaju\u0107e partije.<\/a><\/p>\n<p>Predsjedni\u0161tvo je, ka\u017ee se dalje, \u201cnaglasilo otvorenost za dijalog sa svim politi\u010dkim partijama u okviru institucija sistema\u201c, a ostavilo i mogu\u0107nost da se razgovara \u201csa formalnim organizatorima protesta, ali bez bilo kakvih ultimatuma i bez mogu\u0107nosti za kompromise, s bilo kim, oko temeljnih vrijednosti moderne crnogorske dr\u017eave i dru\u0161tva i funkcionisanja njenih institucija\u201c.<\/p>\n","protected":false},"excerpt":{"rendered":"<p>Predsjedni\u0161tvo Demokratske partije socijalista je zaklju\u010dilo \u201cda su protesti legitiman na\u010din ispoljavanja odre\u0111enih stavova, uz ocjenu da je rije\u010d o isklju\u010divo politi\u010dki motivisanim skupovima\u201c, saop\u0161teno je nakon sjednice rukovodstva vladaju\u0107e partije. Predsjedni\u0161tvo je, ka\u017ee se dalje, \u201cnaglasilo otvorenost za dijalog sa svim politi\u010dkim partijama u okviru institucija sistema\u201c, a ostavilo i mogu\u0107nost da se razgovara [&hellip;]<\/p>\n","protected":false},"author":1,"featured_media":0,"comment_status":"open","ping_status":"closed","sticky":false,"template":"","format":"standard","meta":{"_seopress_robots_primary_cat":"","_seopress_titles_title":"","_seopress_titles_desc":"","_seopress_robots_index":"","_et_pb_use_builder":"","_et_pb_old_content":"","_et_gb_content_width":"","inline_featured_image":false,"footnotes":""},"categories":[14,12],"tags":[],"class_list":["post-263242","post","type-post","status-publish","format-standard","hentry","category-vijesti","category-prica-dana"],"_links":{"self":[{"href":"https:\/\/www.pcnen.com\/portal\/wp-json\/wp\/v2\/posts\/263242","targetHints":{"allow":["GET"]}}],"collection":[{"href":"https:\/\/www.pcnen.com\/portal\/wp-json\/wp\/v2\/posts"}],"about":[{"href":"https:\/\/www.pcnen.com\/portal\/wp-json\/wp\/v2\/types\/post"}],"author":[{"embeddable":true,"href":"https:\/\/www.pcnen.com\/portal\/wp-json\/wp\/v2\/users\/1"}],"replies":[{"embeddable":true,"href":"https:\/\/www.pcnen.com\/portal\/wp-json\/wp\/v2\/comments?post=263242"}],"version-history":[{"count":0,"href":"https:\/\/www.pcnen.com\/portal\/wp-json\/wp\/v2\/posts\/263242\/revisions"}],"wp:attachment":[{"href":"https:\/\/www.pcnen.com\/portal\/wp-json\/wp\/v2\/media?parent=263242"}],"wp:term":[{"taxonomy":"category","embeddable":true,"href":"https:\/\/www.pcnen.com\/portal\/wp-json\/wp\/v2\/categories?post=263242"},{"taxonomy":"post_tag","embeddable":true,"href":"https:\/\/www.pcnen.com\/portal\/wp-json\/wp\/v2\/tags?post=263242"}],"curies":[{"name":"wp","href":"https:\/\/api.w.org\/{rel}","templated":true}]}}