{"id":263229,"date":"2019-03-20T21:43:41","date_gmt":"2019-03-20T20:43:41","guid":{"rendered":"http:\/\/www.pcnen.com\/portal\/?p=263229"},"modified":"2019-03-20T21:43:41","modified_gmt":"2019-03-20T20:43:41","slug":"suncano-i-to-pretezno","status":"publish","type":"post","link":"https:\/\/www.pcnen.com\/portal\/2019\/03\/20\/suncano-i-to-pretezno\/","title":{"rendered":"Sun\u010dano, i to prete\u017eno"},"content":{"rendered":"<p><img loading=\"lazy\" decoding=\"async\" class=\"alignleft size-medium wp-image-140964\" src=\"http:\/\/www.pcnen.com\/portal\/wp-content\/uploads\/2014\/03\/kacuni-206x300.jpg\" alt=\"\" width=\"206\" height=\"300\" \/>Prete\u017eno sun\u010dano bi\u0107e u Crnoj Gori u \u010detvrtak. Na sjeveru zemlje bi\u0107e povremeno umjerena obla\u010dnost, a tokom jutra bi\u0107e mogu\u0107a i magla.<\/p>\n<p>Vjetar sjeverni i sjeveroisto\u010dni bi\u0107e mjestimi\u010dno umjeren do jak.<\/p>\n<p>Jutarnja temperatura vazduha bi\u0107e u rasponu od \u00a0-3 do 11, a najvi\u0161a dnevna od 7 do 22 stepena.<\/p>\n<p>U Podgorici \u0107e biti prete\u017eno sun\u010dano. Vjetar sjeveroisto\u010dni bi\u0107e povremeno umjeren do poja\u010dan. Jutarnja temperatura vazduha bi\u0107e oko 9, a najvi\u0161a dnevna do 22 stepena.<\/p>\n<p><a href=\"http:\/\/www.meteo.co.me\/misc.php?text=121&amp;sektor=1&amp;grad=SAV\">Prognoza za ostale gradove.<\/a><\/p>\n","protected":false},"excerpt":{"rendered":"<p>Vjetar sjeverni i sjeveroisto\u010dni bi\u0107e mjestimi\u010dno umjeren do jak<\/p>\n","protected":false},"author":1,"featured_media":0,"comment_status":"open","ping_status":"closed","sticky":false,"template":"","format":"standard","meta":{"_seopress_robots_primary_cat":"","_seopress_titles_title":"","_seopress_titles_desc":"","_seopress_robots_index":"","_et_pb_use_builder":"","_et_pb_old_content":"","_et_gb_content_width":"","inline_featured_image":false,"footnotes":""},"categories":[14,12],"tags":[],"class_list":["post-263229","post","type-post","status-publish","format-standard","hentry","category-vijesti","category-prica-dana"],"_links":{"self":[{"href":"https:\/\/www.pcnen.com\/portal\/wp-json\/wp\/v2\/posts\/263229","targetHints":{"allow":["GET"]}}],"collection":[{"href":"https:\/\/www.pcnen.com\/portal\/wp-json\/wp\/v2\/posts"}],"about":[{"href":"https:\/\/www.pcnen.com\/portal\/wp-json\/wp\/v2\/types\/post"}],"author":[{"embeddable":true,"href":"https:\/\/www.pcnen.com\/portal\/wp-json\/wp\/v2\/users\/1"}],"replies":[{"embeddable":true,"href":"https:\/\/www.pcnen.com\/portal\/wp-json\/wp\/v2\/comments?post=263229"}],"version-history":[{"count":0,"href":"https:\/\/www.pcnen.com\/portal\/wp-json\/wp\/v2\/posts\/263229\/revisions"}],"wp:attachment":[{"href":"https:\/\/www.pcnen.com\/portal\/wp-json\/wp\/v2\/media?parent=263229"}],"wp:term":[{"taxonomy":"category","embeddable":true,"href":"https:\/\/www.pcnen.com\/portal\/wp-json\/wp\/v2\/categories?post=263229"},{"taxonomy":"post_tag","embeddable":true,"href":"https:\/\/www.pcnen.com\/portal\/wp-json\/wp\/v2\/tags?post=263229"}],"curies":[{"name":"wp","href":"https:\/\/api.w.org\/{rel}","templated":true}]}}