{"id":263224,"date":"2019-03-20T20:06:56","date_gmt":"2019-03-20T19:06:56","guid":{"rendered":"http:\/\/www.pcnen.com\/portal\/?p=263224"},"modified":"2019-03-20T20:50:50","modified_gmt":"2019-03-20T19:50:50","slug":"durmitorski-skorup-sesti-novi-zasticeni-proizvod","status":"publish","type":"post","link":"https:\/\/www.pcnen.com\/portal\/2019\/03\/20\/durmitorski-skorup-sesti-novi-zasticeni-proizvod\/","title":{"rendered":"Durmitorski skorup novi za\u0161ti\u0107eni proizvod"},"content":{"rendered":"<p><img loading=\"lazy\" decoding=\"async\" class=\"alignleft size-full wp-image-263225\" src=\"http:\/\/www.pcnen.com\/portal\/wp-content\/uploads\/2019\/03\/skorup.jpg\" alt=\"\" width=\"259\" height=\"194\" \/>Durmitorski skorup, \u0161esti za\u0161ti\u0107eni proizvod u Crnoj Gori, je na nacionalnom nivou za\u0161ti\u0107en oznakom porijekla, a koristi od sertifikacije oznake kvaliteta ima\u0107e proizvo\u0111a\u010di skorupa sa teritorije op\u0161tina \u017dabljak, Plu\u017eine i \u0160avnik, okupljeni u NVO Udru\u017eenje proizvo\u0111a\u010da durmitorskog skorupa, saop\u0161tilo je Ministarstvo poljoprivrede.<\/p>\n<p>Pored Durmitorskog skorupa, Crna Gora je tokom 2017. i 2018. za\u0161titila jo\u0161 pet proizvoda \u2013 Njegu\u0161ki pr\u0161ut, Pljevaljski sir, Crnogorski gove\u0111i pr\u0161ut, Crnogorska stelja i Crnogorska pr\u0161uta.<\/p>\n<p>Uskoro se o\u010dekuje i zavr\u0161etak procedure za za\u0161titu kola\u0161inskog lisnatog sira.<\/p>\n","protected":false},"excerpt":{"rendered":"<p>Pored Durmitorskog skorupa, Crna Gora je tokom 2017. i 2018. za\u0161titila jo\u0161 pet proizvoda<\/p>\n","protected":false},"author":1,"featured_media":0,"comment_status":"open","ping_status":"closed","sticky":false,"template":"","format":"standard","meta":{"_seopress_robots_primary_cat":"","_seopress_titles_title":"","_seopress_titles_desc":"","_seopress_robots_index":"","_et_pb_use_builder":"","_et_pb_old_content":"","_et_gb_content_width":"","inline_featured_image":false,"footnotes":""},"categories":[14,12],"tags":[],"class_list":["post-263224","post","type-post","status-publish","format-standard","hentry","category-vijesti","category-prica-dana"],"_links":{"self":[{"href":"https:\/\/www.pcnen.com\/portal\/wp-json\/wp\/v2\/posts\/263224","targetHints":{"allow":["GET"]}}],"collection":[{"href":"https:\/\/www.pcnen.com\/portal\/wp-json\/wp\/v2\/posts"}],"about":[{"href":"https:\/\/www.pcnen.com\/portal\/wp-json\/wp\/v2\/types\/post"}],"author":[{"embeddable":true,"href":"https:\/\/www.pcnen.com\/portal\/wp-json\/wp\/v2\/users\/1"}],"replies":[{"embeddable":true,"href":"https:\/\/www.pcnen.com\/portal\/wp-json\/wp\/v2\/comments?post=263224"}],"version-history":[{"count":0,"href":"https:\/\/www.pcnen.com\/portal\/wp-json\/wp\/v2\/posts\/263224\/revisions"}],"wp:attachment":[{"href":"https:\/\/www.pcnen.com\/portal\/wp-json\/wp\/v2\/media?parent=263224"}],"wp:term":[{"taxonomy":"category","embeddable":true,"href":"https:\/\/www.pcnen.com\/portal\/wp-json\/wp\/v2\/categories?post=263224"},{"taxonomy":"post_tag","embeddable":true,"href":"https:\/\/www.pcnen.com\/portal\/wp-json\/wp\/v2\/tags?post=263224"}],"curies":[{"name":"wp","href":"https:\/\/api.w.org\/{rel}","templated":true}]}}