{"id":263216,"date":"2019-03-20T15:33:42","date_gmt":"2019-03-20T14:33:42","guid":{"rendered":"http:\/\/www.pcnen.com\/portal\/?p=263216"},"modified":"2024-08-21T10:09:55","modified_gmt":"2024-08-21T08:09:55","slug":"hag-karadzicu-dozivotna-robija","status":"publish","type":"post","link":"https:\/\/www.pcnen.com\/portal\/2019\/03\/20\/hag-karadzicu-dozivotna-robija\/","title":{"rendered":"Hag: Karad\u017ei\u0107u do\u017eivotna robija"},"content":{"rendered":"<p>\u017dalbeno vije\u0107e Hag\u0161kog tribunala <a href=\"http:\/\/www.pcnen.com\/portal\/2019\/03\/20\/danas-pravosnazna-presuda-karadzicu\/\">je danas <\/a>izreklo kaznu do\u017eivotnog zatvora biv\u0161em predsjedniku Republike Srpske Radovanu Karad\u017ei\u0107u.<\/p>\n<p>Tom odlukom preina\u010dena je prvostepena presuda Tribunala u Hagu kojom je u martu 2016. bio osu\u0111en na 40 godina zatvora.<\/p>\n<p>\u017dalbeno vije\u0107e je saglasno sa Tu\u017eila\u0161tvom da je kazna od 40 godina neadekvatna s obzirom na te\u017einu Karad\u017ei\u0107evih krivi\u010dnih djela, kao i da je kazna pretresnog vije\u0107a nerazumna i nepravi\u010dna. Pretresno vije\u0107e je pogrije\u0161ilo kada je izreklo kaznu od 40 godina, prenosi RTS.<\/p>\n<p>\u017dalbeno vije\u0107e zaklju\u010duje da Tu\u017eila\u0161tvo nije dokazalo gre\u0161ku pretresnog vije\u0107a kada je presudilo da nije bilo genocidne namjere Karad\u017ei\u0107a za zlo\u010dine u sedam op\u0161tina BiH.<\/p>\n<p>Odbrana Radovana Karad\u017ei\u0107a nije uspjela da doka\u017ee da nije kriv za masakr u Sarajevu, na Markalama, kao ni za &#8220;terorisanje stanovnika Sarajeva dugotrajnim granatiranjem i snajperisanjem tokom vi\u0161egodi\u0161nje opsade glavnog grada BiH&#8221;, rekao je predsjednik \u017dalbenog ve\u0107a Van Josen.<\/p>\n<p>&#8220;Odbrana nije uspjela da doka\u017ee da je vije\u0107e donijelo pogre\u0161ne zaklju\u010dke u presudi u kojoj je osu\u0111en za zlo\u010dine u 20 bosanskih mjesta&#8221;, rekao je predsjednik \u017dalbenog vije\u0107a.<\/p>\n<p>Su\u0111enje Karad\u017ei\u0107u po\u010delo je 26. oktobra 2009. i trajalo je 499 dana. Pretresno vije\u0107e saslu\u0161alo je 586 svjedoka.<\/p>\n<p>Karad\u017ei\u0107 je uhap\u0161en u Srbiji 21. jula 2008. godine i 30. jula je preba\u010den u Ha\u0161ki tribunal.<\/p>\n<p>Ispred Ha\u0161kog tribunala do\u0161lo je do incidenta uo\u010di izricanja drugostepene presude kada su na za\u0161titnoj ogradi porodice stradalih i predstavnici bo\u0161nja\u010dkih udru\u017eenja postavili transparent na kojem se Karad\u017ei\u0107 poredi sa Hitlerom.<\/p>\n<p>&#8220;Radovan Karad\u017ei\u0107 &#8211; genocid, Adolf Hitler &#8211; holokaust&#8221;, pi\u0161e na transparentu postavljenom na za\u0161titnoj ogradi ispred zgrade tribunala, pa je intervenisala policija zatra\u017eiv\u0161i njegovo uklanjanje.<\/p>\n<p>RTRS iz Haga javlja da su predstavnice Udru\u017eenja Majke Srebrenice odbile da to u\u010dine.<\/p>\n","protected":false},"excerpt":{"rendered":"<p>\u017dalbeno vije\u0107e Hag\u0161kog tribunala je danas izreklo kaznu do\u017eivotnog zatvora biv\u0161em predsjedniku Republike Srpske Radovanu Karad\u017ei\u0107u. Tom odlukom preina\u010dena je prvostepena presuda Tribunala u Hagu kojom je u martu 2016. bio osu\u0111en na 40 godina zatvora. \u017dalbeno vije\u0107e je saglasno sa Tu\u017eila\u0161tvom da je kazna od 40 godina neadekvatna s obzirom na te\u017einu Karad\u017ei\u0107evih krivi\u010dnih [&hellip;]<\/p>\n","protected":false},"author":1,"featured_media":0,"comment_status":"open","ping_status":"closed","sticky":false,"template":"","format":"standard","meta":{"_seopress_robots_primary_cat":"none","_seopress_titles_title":"","_seopress_titles_desc":"","_seopress_robots_index":"","_et_pb_use_builder":"","_et_pb_old_content":"","_et_gb_content_width":"","inline_featured_image":false,"footnotes":""},"categories":[14],"tags":[],"class_list":["post-263216","post","type-post","status-publish","format-standard","hentry","category-vijesti"],"_links":{"self":[{"href":"https:\/\/www.pcnen.com\/portal\/wp-json\/wp\/v2\/posts\/263216","targetHints":{"allow":["GET"]}}],"collection":[{"href":"https:\/\/www.pcnen.com\/portal\/wp-json\/wp\/v2\/posts"}],"about":[{"href":"https:\/\/www.pcnen.com\/portal\/wp-json\/wp\/v2\/types\/post"}],"author":[{"embeddable":true,"href":"https:\/\/www.pcnen.com\/portal\/wp-json\/wp\/v2\/users\/1"}],"replies":[{"embeddable":true,"href":"https:\/\/www.pcnen.com\/portal\/wp-json\/wp\/v2\/comments?post=263216"}],"version-history":[{"count":1,"href":"https:\/\/www.pcnen.com\/portal\/wp-json\/wp\/v2\/posts\/263216\/revisions"}],"predecessor-version":[{"id":410260,"href":"https:\/\/www.pcnen.com\/portal\/wp-json\/wp\/v2\/posts\/263216\/revisions\/410260"}],"wp:attachment":[{"href":"https:\/\/www.pcnen.com\/portal\/wp-json\/wp\/v2\/media?parent=263216"}],"wp:term":[{"taxonomy":"category","embeddable":true,"href":"https:\/\/www.pcnen.com\/portal\/wp-json\/wp\/v2\/categories?post=263216"},{"taxonomy":"post_tag","embeddable":true,"href":"https:\/\/www.pcnen.com\/portal\/wp-json\/wp\/v2\/tags?post=263216"}],"curies":[{"name":"wp","href":"https:\/\/api.w.org\/{rel}","templated":true}]}}