{"id":263195,"date":"2019-03-20T09:18:16","date_gmt":"2019-03-20T08:18:16","guid":{"rendered":"http:\/\/www.pcnen.com\/portal\/?p=263195"},"modified":"2019-03-20T09:18:16","modified_gmt":"2019-03-20T08:18:16","slug":"inostrani-suvlasnici-vijesti-pisali-predsjedniku-dukanovicu","status":"publish","type":"post","link":"https:\/\/www.pcnen.com\/portal\/2019\/03\/20\/inostrani-suvlasnici-vijesti-pisali-predsjedniku-dukanovicu\/","title":{"rendered":"Inostrani suvlasnici Vijesti pisali predsjedniku \u0110ukanovi\u0107u"},"content":{"rendered":"<div id=\"attachment_133681\" style=\"width: 310px\" class=\"wp-caption alignleft\"><img loading=\"lazy\" decoding=\"async\" aria-describedby=\"caption-attachment-133681\" class=\"size-medium wp-image-133681\" src=\"http:\/\/www.pcnen.com\/portal\/wp-content\/uploads\/2013\/12\/napad-na-redakciju-Vijesti-300x225.jpg\" alt=\"\" width=\"300\" height=\"225\" \/><p id=\"caption-attachment-133681\" class=\"wp-caption-text\">Napad na redakciju Vijesti\/arhivski snimak RSE<\/p><\/div>\n<p>Suvlasnici i inostrani partneri Vijesti Media Development Investment Found (MDIF) i \u0160tiria Media International su uputili ju\u010de pismo predsjedniku Crne Gore Milu \u0110ukanovi\u0107u, u kome izra\u017eavaju ozbiljnu zabrinutost zbog ja\u010danja neprijateljskog okru\u017eenja za nezavisne medije i posebno zbog najava da \u0107e tu\u017eiti nezavisni dnevnik Vijesti.<\/p>\n<p>\u201cKako se rasprava izme\u0111u vas i predsjednika Atlas grupe Du\u0161ka Kne\u017eevi\u0107a intenzivira, intenzivira se i kritikovanje medija koji to pitanje pokrivaju nezavisno, u provladinim medijima pojavio se veliki broj zapaljivih \u010dlanaka koji nezavisne medijske kompanije i novinare opisuje kao &#8216;medijski mafiju&#8217;, \u0161to je fraza koju ste vi \u010desto koristili kako biste napali kriti\u010dare i oslikali ih kao protivnike dr\u017eavnih interesa, a \u0161to okru\u017eenje za rad nezavisnih medija \u010dini opasnim, kao \u0161to se pokazalo pro\u0161le godine kada je sli\u010dan govor prethodio <a href=\"http:\/\/www.pcnen.com\/portal\/2018\/05\/08\/ranjena-novinarka-vijesti-olivera-lakic\/\">ranjavanju novinarke Vijesti Olivere Laki\u0107<\/a>\u201c, pi\u0161u u \u00a0otvorenom pismu \u0110ukanovi\u0107u izvr\u0161ni direktor ameri\u010dkog MDIF-a Harlan Mandel i izvr\u0161ni direktor \u0160tiria Media International Klaus \u0160vajghofer, koji podsje\u0107aju predsjednika Crne Gore da su postupci Vijesti dio legitimnog posla medija.<\/p>\n","protected":false},"excerpt":{"rendered":"<p>Suvlasnici i inostrani partneri Vijesti Media Development Investment Found (MDIF) i \u0160tiria Media International su uputili ju\u010de pismo predsjedniku Crne Gore Milu \u0110ukanovi\u0107u, u kome izra\u017eavaju ozbiljnu zabrinutost zbog ja\u010danja neprijateljskog okru\u017eenja za nezavisne medije i posebno zbog najava da \u0107e tu\u017eiti nezavisni dnevnik Vijesti. \u201cKako se rasprava izme\u0111u vas i predsjednika Atlas grupe Du\u0161ka [&hellip;]<\/p>\n","protected":false},"author":1,"featured_media":0,"comment_status":"open","ping_status":"closed","sticky":false,"template":"","format":"standard","meta":{"_seopress_robots_primary_cat":"","_seopress_titles_title":"","_seopress_titles_desc":"","_seopress_robots_index":"","_et_pb_use_builder":"","_et_pb_old_content":"","_et_gb_content_width":"","inline_featured_image":false,"footnotes":""},"categories":[14,12],"tags":[],"class_list":["post-263195","post","type-post","status-publish","format-standard","hentry","category-vijesti","category-prica-dana"],"_links":{"self":[{"href":"https:\/\/www.pcnen.com\/portal\/wp-json\/wp\/v2\/posts\/263195","targetHints":{"allow":["GET"]}}],"collection":[{"href":"https:\/\/www.pcnen.com\/portal\/wp-json\/wp\/v2\/posts"}],"about":[{"href":"https:\/\/www.pcnen.com\/portal\/wp-json\/wp\/v2\/types\/post"}],"author":[{"embeddable":true,"href":"https:\/\/www.pcnen.com\/portal\/wp-json\/wp\/v2\/users\/1"}],"replies":[{"embeddable":true,"href":"https:\/\/www.pcnen.com\/portal\/wp-json\/wp\/v2\/comments?post=263195"}],"version-history":[{"count":0,"href":"https:\/\/www.pcnen.com\/portal\/wp-json\/wp\/v2\/posts\/263195\/revisions"}],"wp:attachment":[{"href":"https:\/\/www.pcnen.com\/portal\/wp-json\/wp\/v2\/media?parent=263195"}],"wp:term":[{"taxonomy":"category","embeddable":true,"href":"https:\/\/www.pcnen.com\/portal\/wp-json\/wp\/v2\/categories?post=263195"},{"taxonomy":"post_tag","embeddable":true,"href":"https:\/\/www.pcnen.com\/portal\/wp-json\/wp\/v2\/tags?post=263195"}],"curies":[{"name":"wp","href":"https:\/\/api.w.org\/{rel}","templated":true}]}}