{"id":263185,"date":"2019-03-20T07:22:15","date_gmt":"2019-03-20T06:22:15","guid":{"rendered":"http:\/\/www.pcnen.com\/portal\/?p=263185"},"modified":"2019-03-20T15:34:30","modified_gmt":"2019-03-20T14:34:30","slug":"danas-pravosnazna-presuda-karadzicu","status":"publish","type":"post","link":"https:\/\/www.pcnen.com\/portal\/2019\/03\/20\/danas-pravosnazna-presuda-karadzicu\/","title":{"rendered":"Danas pravosna\u017ena presuda Karad\u017ei\u0107u"},"content":{"rendered":"<div id=\"attachment_72409\" style=\"width: 269px\" class=\"wp-caption alignleft\"><img loading=\"lazy\" decoding=\"async\" aria-describedby=\"caption-attachment-72409\" class=\"size-full wp-image-72409\" src=\"http:\/\/www.pcnen.com\/portal\/wp-content\/uploads\/2012\/01\/R.Karadzic-u-sudnici.jpg\" alt=\"\" width=\"259\" height=\"194\" \/><p id=\"caption-attachment-72409\" class=\"wp-caption-text\">R.Karadzic u sudnici, arhivski snimak<\/p><\/div>\n<p>Ratni lider bosanskih Srba i prvi predsjednik Republike Srpske Radovan Karad\u017ei\u0107 danas bi trebalo da bude pravosna\u017eno osu\u0111en za genocid, ratne i zlo\u010dine protiv humanosti. On je prije tri godine prvostepeno osu\u0111en od Ha\u0161kog tribunala na 40 godina zatvora.<\/p>\n<p>\u017dalbeno vije\u0107e Mehanizma sada u Hagu mo\u017ee prvostepenu presudu da potvrdi ili da je preina\u010di, bilo u pogledu utvr\u0111enih \u010dinjenica, bilo u pogledu vrste i visine kazne. Mo\u017ee, tako\u0111e, i da ukine prvostepenu presudu i nalo\u017ei da mu se su\u0111enje ponovi.<\/p>\n<p>Pretresno vije\u0107e Tribunala u Hagu, kojim je predsjedavao ju\u017enokorejski sudija Kvon,<a href=\"http:\/\/www.pcnen.com\/portal\/2016\/03\/24\/karadzic-osuden-na-40-godina-zatvora\/\"> osudilo je na 40 godina zatvora Karad\u017ei\u0107a<\/a>, optu\u017eenog za genocid, zlo\u010dine protiv \u010dovje\u010dnosti i ratne zlo\u010dine po\u010dinjene tokom sukoba u Bosni i Hercegovini.<\/p>\n<p>Karad\u017ei\u0107 je oslobo\u0111en optu\u017ebe za genocid po\u010dinjen 1992. godine u\u00a0 sedam op\u0161tina u BiH\u00a0 \u2013 Bratuncu, Fo\u010di, Klju\u010du, Prijedoru, Sanskom Mostu, Vlasenici i Zvorniku.<\/p>\n","protected":false},"excerpt":{"rendered":"<p>\u017dalbeno vije\u0107e Mehanizma sada u Hagu mo\u017ee prvostepenu presudu da potvrdi ili da je preina\u010di, bilo u pogledu utvr\u0111enih \u010dinjenica, bilo u pogledu vrste i visine kazne<\/p>\n","protected":false},"author":1,"featured_media":0,"comment_status":"open","ping_status":"closed","sticky":false,"template":"","format":"standard","meta":{"_seopress_robots_primary_cat":"","_seopress_titles_title":"","_seopress_titles_desc":"","_seopress_robots_index":"","_et_pb_use_builder":"","_et_pb_old_content":"","_et_gb_content_width":"","inline_featured_image":false,"footnotes":""},"categories":[14],"tags":[],"class_list":["post-263185","post","type-post","status-publish","format-standard","hentry","category-vijesti"],"_links":{"self":[{"href":"https:\/\/www.pcnen.com\/portal\/wp-json\/wp\/v2\/posts\/263185","targetHints":{"allow":["GET"]}}],"collection":[{"href":"https:\/\/www.pcnen.com\/portal\/wp-json\/wp\/v2\/posts"}],"about":[{"href":"https:\/\/www.pcnen.com\/portal\/wp-json\/wp\/v2\/types\/post"}],"author":[{"embeddable":true,"href":"https:\/\/www.pcnen.com\/portal\/wp-json\/wp\/v2\/users\/1"}],"replies":[{"embeddable":true,"href":"https:\/\/www.pcnen.com\/portal\/wp-json\/wp\/v2\/comments?post=263185"}],"version-history":[{"count":0,"href":"https:\/\/www.pcnen.com\/portal\/wp-json\/wp\/v2\/posts\/263185\/revisions"}],"wp:attachment":[{"href":"https:\/\/www.pcnen.com\/portal\/wp-json\/wp\/v2\/media?parent=263185"}],"wp:term":[{"taxonomy":"category","embeddable":true,"href":"https:\/\/www.pcnen.com\/portal\/wp-json\/wp\/v2\/categories?post=263185"},{"taxonomy":"post_tag","embeddable":true,"href":"https:\/\/www.pcnen.com\/portal\/wp-json\/wp\/v2\/tags?post=263185"}],"curies":[{"name":"wp","href":"https:\/\/api.w.org\/{rel}","templated":true}]}}