{"id":263163,"date":"2019-03-19T17:12:41","date_gmt":"2019-03-19T16:12:41","guid":{"rendered":"http:\/\/www.pcnen.com\/portal\/?p=263163"},"modified":"2019-03-19T17:19:55","modified_gmt":"2019-03-19T16:19:55","slug":"zbog-bungalova-sijeku-drvece-kod-crnog-jezera","status":"publish","type":"post","link":"https:\/\/www.pcnen.com\/portal\/2019\/03\/19\/zbog-bungalova-sijeku-drvece-kod-crnog-jezera\/","title":{"rendered":"Zbog bungalova sijeku drve\u0107e kod Crnog jezera?"},"content":{"rendered":"<p><img loading=\"lazy\" decoding=\"async\" class=\"alignleft size-medium wp-image-263164\" src=\"http:\/\/www.pcnen.com\/portal\/wp-content\/uploads\/2019\/03\/sjeca-crno-jezero-300x228.jpg\" alt=\"\" width=\"300\" height=\"228\" \/>Na <a href=\"https:\/\/www.facebook.com\/groups\/1595878313983509\/\">FB grupi 3D je danas alarmirana javnost <\/a>da se sije\u010de drve\u0107e uz obalu Crnog jezera na Durmitoru, koje se nalazi u srcu Nacionalnog parka &#8216;Durmitor&#8217;. Sje\u010da je, navodno, priprema za gradnju bungalova na toj lokaciji.<\/p>\n<p>Portal Vijesti je objavio izjavu direktora \u00a0Nacionalnog parka \u00a0Toma Pajovi\u0107a, koji je rekao da je u toku planirana akivnost uklanjanja stabala koja predstavljaju opasnost za posjetioce i objekte i \u0161irenje zaraznih bolesti na zdrava stabla.<\/p>\n<p>&#8220;Uprava JP Nacionalni parkovi Crne Gore, sredinom novembra pro\u0161le godine obrazovala je komisiju o ozna\u010davanju takvih stabala u zonama Crnog i Biogradskog jezera. Kada je u pitanju prostor kod Crnog jezera dozna\u010deno je 41 stablo ukupne drvne mase 32,72 kubika. Raspisan je javni poziv za izvo\u0111enje radova sje\u010de i izvla\u010denja. Izabrana firma je ovih dana obavila ru\u0161enje. Izvla\u010denje \u0107e se obaviti u narednom periodu kada vrijeme to dozvoli, odnosno kada snijeg okopni ali svakako prije po\u010detka turisti\u010dke sezone&#8221;, rekao je Pajovi\u0107 za Vijesti.<\/p>\n<p>Opoziciona stranka Demokrate Crne Gore je <a href=\"https:\/\/www.facebook.com\/demokratskacrnagora\/posts\/2053702954938604?__xts__%5B0%5D=68.ARAPnxBWBZtGUHCbXt1Bn5sjqsffOlwr60aVzGtqqU_ga7Ge-aHkn3rM5Kh9eDwcsCGdraCxZ1HP9X_DuMJMAvbBdUIwx03jYkIxYDlWffQZP7zkmpByysL2eX1LpbGTW4COPj15J3sND7tomCWMGhtSvJn0HzUNOZG7eujOYmrCgwj9ODQqAFNQYoNArWSWS53ueGat_hDORXBOv-Q3bmDsDbYB1qIu_NcxBDhZ-l6YAHcnhDIUQHTNdUDsyD7rOdasIfgLABnyerwrBpnyiba0NSFRCCorLrHyAk1MEBa-UTEj5OLeu1JDFiQza_TYR_VhJh_BQbIFPkpxlPXeGNEMJ_xQ&amp;__tn__=K-R\">prozvala danas firmu &#8216;Eksplorer&#8217; iz Kola\u0161ina<\/a>, koja je u vlasni\u0161tvu Luke Bulatovi\u0107a, \u010dlana Demokratske partije socijalista, da stoji iza sje\u010de stabala kod Crnog jezera, jer je tamo u zakup dobila placeve za gradnju bungalova.<\/p>\n<p>\u201cUkoliko ne za\u0161titimo prirodu od koje \u017eivimo, ukoliko ne ispunimo svoju ljudsku, korjensku, duhovnu, pra\u0111edovsku, krvnu i svaku drugu du\u017enost, odre\u0107i\u0107emo se sebe samih, tako i svojih predaka i svojih potomaka\u201c, <a href=\"https:\/\/www.facebook.com\/gingerinmontenegro\/?__tn__=kCH-R&amp;eid=ARBb9Ce_hS4j297kyU3TQAW6belJxEj_6ZtMq43FUxSJWoEzMVhtBufPdON9dKpDaztJBr0IAWg-F6BJ&amp;hc_ref=ARTVpaoeki8hfJf3FXATrCIe2dZXvH0_nyWQKLw3MJprz9t3kLV4YExtaE5TSwiozaU&amp;__xts__[0]=68.ARB7FHXpPQJ2hQ3B0uuvRetkeNmMYSf43a58GJKO3qsd4HWvVphgxE_TuEhrfWVcKHI3kx-bG6U5L45nUjbAovygvL12pDZP8tB5J0fAUSO642l665QOq6SCJsO2X1a05dZI0dCl6nOtwy_wUBjyM0ElJAoYVKQvBfsm2r794UnD5sXIFFiNIjUt6woT3h1WTVTcOZWaSKwG0AKYHwx8dSDZZjP3ER-cBrUwZ1fJ1KmkG8eAfXJbc8Ou3c3q0JewJ9Z_Zns2OWh7dGX7Jq3BD1AbqGkEe5AtVUOYkjfsRfrAuZjjudMDvPtgKYLyjBGqd_k035f9DM8dNYWDXjSl-ZWH6eI\">poru\u010dila je sa svoje FB stranice pjesnikinja Jelena Vukovi\u0107, ro\u0111ena \u017dablja\u010danka.<\/a><\/p>\n","protected":false},"excerpt":{"rendered":"<p>Direktor NP Durmitor ka\u017ee da je rije\u010d o sanitarnoj sje\u010di<\/p>\n","protected":false},"author":1,"featured_media":0,"comment_status":"open","ping_status":"closed","sticky":false,"template":"","format":"standard","meta":{"_seopress_robots_primary_cat":"","_seopress_titles_title":"","_seopress_titles_desc":"","_seopress_robots_index":"","_et_pb_use_builder":"","_et_pb_old_content":"","_et_gb_content_width":"","inline_featured_image":false,"footnotes":""},"categories":[14,12],"tags":[],"class_list":["post-263163","post","type-post","status-publish","format-standard","hentry","category-vijesti","category-prica-dana"],"_links":{"self":[{"href":"https:\/\/www.pcnen.com\/portal\/wp-json\/wp\/v2\/posts\/263163","targetHints":{"allow":["GET"]}}],"collection":[{"href":"https:\/\/www.pcnen.com\/portal\/wp-json\/wp\/v2\/posts"}],"about":[{"href":"https:\/\/www.pcnen.com\/portal\/wp-json\/wp\/v2\/types\/post"}],"author":[{"embeddable":true,"href":"https:\/\/www.pcnen.com\/portal\/wp-json\/wp\/v2\/users\/1"}],"replies":[{"embeddable":true,"href":"https:\/\/www.pcnen.com\/portal\/wp-json\/wp\/v2\/comments?post=263163"}],"version-history":[{"count":0,"href":"https:\/\/www.pcnen.com\/portal\/wp-json\/wp\/v2\/posts\/263163\/revisions"}],"wp:attachment":[{"href":"https:\/\/www.pcnen.com\/portal\/wp-json\/wp\/v2\/media?parent=263163"}],"wp:term":[{"taxonomy":"category","embeddable":true,"href":"https:\/\/www.pcnen.com\/portal\/wp-json\/wp\/v2\/categories?post=263163"},{"taxonomy":"post_tag","embeddable":true,"href":"https:\/\/www.pcnen.com\/portal\/wp-json\/wp\/v2\/tags?post=263163"}],"curies":[{"name":"wp","href":"https:\/\/api.w.org\/{rel}","templated":true}]}}