{"id":263161,"date":"2019-03-19T13:48:56","date_gmt":"2019-03-19T12:48:56","guid":{"rendered":"http:\/\/www.pcnen.com\/portal\/?p=263161"},"modified":"2019-03-19T13:53:26","modified_gmt":"2019-03-19T12:53:26","slug":"nova-presuda-suda-u-strazburu-bigovic-protiv-crne-gore","status":"publish","type":"post","link":"https:\/\/www.pcnen.com\/portal\/2019\/03\/19\/nova-presuda-suda-u-strazburu-bigovic-protiv-crne-gore\/","title":{"rendered":"Nova presuda suda u Strazburu: Bigovi\u0107 protiv Crne Gore"},"content":{"rendered":"<p><img loading=\"lazy\" decoding=\"async\" class=\"alignleft size-medium wp-image-256205\" src=\"http:\/\/www.pcnen.com\/portal\/wp-content\/uploads\/2018\/11\/Sud-u-Strazburu-300x114.png\" alt=\"\" width=\"300\" height=\"114\" \/>Evropski sud za ljudska prava je objavio presudu u predmetu Bigovi\u0107 protiv Crne Gore i utvrdio da je dr\u017eava Ljubu Bigovi\u0107u prekr\u0161ila prava na zabranu torture, zbog uslova u kojima je boravio u pritvoru, i na slobodu li\u010dnosti, zbog nedostatka opravdanja za pritvor u kome je proveo pet godina i pet mjeseci, saop\u0161tila je danas Akcija za ljudska prava (HRA).<\/p>\n<p>\u201cPodnosilac predstavke je crnogorski dr\u017eavljanin na izdr\u017eavanju 30-godi\u0161nje zatvorske kazne zbog u\u010de\u0161\u0107a u ubistvu visokog policijskog inspektora Slavoljuba \u0160\u0107eki\u0107a 30. avgusta 2005. godine. Uhap\u0161en je u februaru 2006. godine i odre\u0111en mu je pritvor zbog opasnosti od bjekstva, koji je preko \u010detiri godine produ\u017eavan samo po tom osnovu. Vi\u0161i sud u Podgorici ga je kona\u010dno osudio 2012. godine, posle dvije ukinute prvostepene presude, a tu odluku je u \u017ealbenom postupku tek iz drugog puta uspje\u0161no potvrdio Apelacioni sud u februaru 2015, i kona\u010dno Vrhovni sud u oktobru 2015. godine\u201c, ka\u017ee se u saop\u0161tenju HRA.<\/p>\n<p><a href=\"http:\/\/www.hraction.org\/2019\/03\/19\/19-3-2019-nova-presuda-suda-u-strazburu-bigovic-protiv-crne-gore\/\" target=\"_blank\" rel=\"noopener\">HRA navodi <\/a>da je Evropski sud za ljudska prava utvrdio \u201cda su uslovi pod kojima je Bigovi\u0107 boravio u istra\u017enom zatvoru od februara 2006. do avgusta 2009. godine &#8211; prenatrpanost sobe i neuslovan toalet &#8211; prekr\u0161ili \u010dl. 3 Evropske konvencije o ljudskim pravima (zabrana mu\u010denja, ne\u010dovje\u010dnog ili poni\u017eavaju\u0107eg postupanja ili ka\u017enjavanja).<\/p>\n","protected":false},"excerpt":{"rendered":"<p>Evropski sud za ljudska prava je objavio presudu u predmetu Bigovi\u0107 protiv Crne Gore i utvrdio da je dr\u017eava Ljubu Bigovi\u0107u prekr\u0161ila prava na zabranu torture, zbog uslova u kojima je boravio u pritvoru, i na slobodu li\u010dnosti, zbog nedostatka opravdanja za pritvor u kome je proveo pet godina i pet mjeseci, saop\u0161tila je danas [&hellip;]<\/p>\n","protected":false},"author":1,"featured_media":0,"comment_status":"open","ping_status":"closed","sticky":false,"template":"","format":"standard","meta":{"_seopress_robots_primary_cat":"","_seopress_titles_title":"","_seopress_titles_desc":"","_seopress_robots_index":"","_et_pb_use_builder":"","_et_pb_old_content":"","_et_gb_content_width":"","inline_featured_image":false,"footnotes":""},"categories":[14,12],"tags":[],"class_list":["post-263161","post","type-post","status-publish","format-standard","hentry","category-vijesti","category-prica-dana"],"_links":{"self":[{"href":"https:\/\/www.pcnen.com\/portal\/wp-json\/wp\/v2\/posts\/263161","targetHints":{"allow":["GET"]}}],"collection":[{"href":"https:\/\/www.pcnen.com\/portal\/wp-json\/wp\/v2\/posts"}],"about":[{"href":"https:\/\/www.pcnen.com\/portal\/wp-json\/wp\/v2\/types\/post"}],"author":[{"embeddable":true,"href":"https:\/\/www.pcnen.com\/portal\/wp-json\/wp\/v2\/users\/1"}],"replies":[{"embeddable":true,"href":"https:\/\/www.pcnen.com\/portal\/wp-json\/wp\/v2\/comments?post=263161"}],"version-history":[{"count":0,"href":"https:\/\/www.pcnen.com\/portal\/wp-json\/wp\/v2\/posts\/263161\/revisions"}],"wp:attachment":[{"href":"https:\/\/www.pcnen.com\/portal\/wp-json\/wp\/v2\/media?parent=263161"}],"wp:term":[{"taxonomy":"category","embeddable":true,"href":"https:\/\/www.pcnen.com\/portal\/wp-json\/wp\/v2\/categories?post=263161"},{"taxonomy":"post_tag","embeddable":true,"href":"https:\/\/www.pcnen.com\/portal\/wp-json\/wp\/v2\/tags?post=263161"}],"curies":[{"name":"wp","href":"https:\/\/api.w.org\/{rel}","templated":true}]}}