{"id":263126,"date":"2019-03-18T21:19:32","date_gmt":"2019-03-18T20:19:32","guid":{"rendered":"http:\/\/www.pcnen.com\/portal\/?p=263126"},"modified":"2019-03-18T21:19:32","modified_gmt":"2019-03-18T20:19:32","slug":"ciklon-idai-ubio-mozda-hiljade-afrikanaca","status":"publish","type":"post","link":"https:\/\/www.pcnen.com\/portal\/2019\/03\/18\/ciklon-idai-ubio-mozda-hiljade-afrikanaca\/","title":{"rendered":"Ciklon &#8216;Idai&#8217; ubio mo\u017eda hiljade Afrikanaca"},"content":{"rendered":"<p>Predsjednik Mozambika Filipe Njusi je rekao da je mo\u017eda i vi\u0161e od hiljadu ljudi poginulo u udaru ciklona Idai, a da je vi\u0161e od 100.000 ljudi u situaciji opasnoj po \u017eivot.<\/p>\n<p>U obra\u0107anju preko dr\u017eavnog Radio Mozambika, on je rekao da su rijeke Pungue i Buzi su iza\u0161le iz korita i \u010ditava sela su nestala u poplavama, kao i izolovane zajednice, pa be\u017eivotna tijela plutaju rijekama, prenose agencije.<\/p>\n<p>\u201cTo je prava katastrofa velikih razmjera\u201c, istakao je Njusi, koji se obratio javnosti po\u0161to je helikopterom obi\u0161ao centralni lu\u010dki grad Beira i ruralnu pokrajinu Manika i Sofala u kojoj se mogu vidjeti \u0161iroko rasprostranjene poplave i pusto\u0161enja.<\/p>\n<p>https:\/\/youtube.com\/watch?v=3mSWvPW-KR0<\/p>\n<p>Crveni krst je ranije saop\u0161tio da je 90 odsto grada Beira od 500.000 stanovnika pogo\u0111eno ili uni\u0161teno.<\/p>\n<p>Najmanje 126 ljudi je izgubilo \u017eivot u Mozambiku i Malaviju, prema podacima Crvenog krsta.<\/p>\n<p>U Zimbabveu, prema ju\u010de saop\u0161tenim podacima Ministarstva informisanja, u poplavama je poginulo 89 ljudi.<\/p>\n","protected":false},"excerpt":{"rendered":"<p>Predsjednik Mozambika Filipe Njusi je rekao da je mo\u017eda i vi\u0161e od hiljadu ljudi poginulo u udaru ciklona Idai, a da je vi\u0161e od 100.000 ljudi u situaciji opasnoj po \u017eivot. U obra\u0107anju preko dr\u017eavnog Radio Mozambika, on je rekao da su rijeke Pungue i Buzi su iza\u0161le iz korita i \u010ditava sela su nestala [&hellip;]<\/p>\n","protected":false},"author":1,"featured_media":0,"comment_status":"open","ping_status":"closed","sticky":false,"template":"","format":"standard","meta":{"_seopress_robots_primary_cat":"","_seopress_titles_title":"","_seopress_titles_desc":"","_seopress_robots_index":"","_et_pb_use_builder":"","_et_pb_old_content":"","_et_gb_content_width":"","inline_featured_image":false,"footnotes":""},"categories":[14,12],"tags":[],"class_list":["post-263126","post","type-post","status-publish","format-standard","hentry","category-vijesti","category-prica-dana"],"_links":{"self":[{"href":"https:\/\/www.pcnen.com\/portal\/wp-json\/wp\/v2\/posts\/263126","targetHints":{"allow":["GET"]}}],"collection":[{"href":"https:\/\/www.pcnen.com\/portal\/wp-json\/wp\/v2\/posts"}],"about":[{"href":"https:\/\/www.pcnen.com\/portal\/wp-json\/wp\/v2\/types\/post"}],"author":[{"embeddable":true,"href":"https:\/\/www.pcnen.com\/portal\/wp-json\/wp\/v2\/users\/1"}],"replies":[{"embeddable":true,"href":"https:\/\/www.pcnen.com\/portal\/wp-json\/wp\/v2\/comments?post=263126"}],"version-history":[{"count":0,"href":"https:\/\/www.pcnen.com\/portal\/wp-json\/wp\/v2\/posts\/263126\/revisions"}],"wp:attachment":[{"href":"https:\/\/www.pcnen.com\/portal\/wp-json\/wp\/v2\/media?parent=263126"}],"wp:term":[{"taxonomy":"category","embeddable":true,"href":"https:\/\/www.pcnen.com\/portal\/wp-json\/wp\/v2\/categories?post=263126"},{"taxonomy":"post_tag","embeddable":true,"href":"https:\/\/www.pcnen.com\/portal\/wp-json\/wp\/v2\/tags?post=263126"}],"curies":[{"name":"wp","href":"https:\/\/api.w.org\/{rel}","templated":true}]}}