{"id":263120,"date":"2019-03-18T18:38:30","date_gmt":"2019-03-18T17:38:30","guid":{"rendered":"http:\/\/www.pcnen.com\/portal\/?p=263120"},"modified":"2019-03-18T18:38:30","modified_gmt":"2019-03-18T17:38:30","slug":"danju-ce-duvati-s-juga-a-navece-sa-sjevera","status":"publish","type":"post","link":"https:\/\/www.pcnen.com\/portal\/2019\/03\/18\/danju-ce-duvati-s-juga-a-navece-sa-sjevera\/","title":{"rendered":"Danju \u0107e duvati s juga, a nave\u010de sa sjevera"},"content":{"rendered":"<p><img loading=\"lazy\" decoding=\"async\" class=\"alignleft size-medium wp-image-217455\" src=\"http:\/\/www.pcnen.com\/portal\/wp-content\/uploads\/2016\/11\/vjetar-trske-300x200.jpg\" alt=\"\" width=\"300\" height=\"200\" \/>U utorak \u0107e biti promjenljivo obla\u010dno sa sun\u010danim intervalima; prijepodne \u0107e mjestimi\u010dno biti ki\u0161e ili pljuska sa grmljavinom, uglavnom, u jugozapadnim i zapadnim djelovima Crne Gore.<\/p>\n<p>Ju\u017eni vjetar bi\u0107e slab do umjeren, ali tokom no\u0107i preda\u0107e \u0161tafetu umjerenom do poja\u010danom sjevercu.<\/p>\n<p>Jutarnja temperatura vazduha bi\u0107e u rasponu od 2 do 13, a najvi\u0161a dnevna od 8 do 20 stepeni.<\/p>\n<p>U Podgorici \u0107e biti promjenljivo obla\u010dno sa sun\u010danim intervalima. Rano ujutru bi\u0107e mogu\u0107a slaba ki\u0161a. Vjetar promjenljivog smjera bi\u0107e slab do umjeren, a tokom no\u0107i duva\u0107e sa sjevera. Jutarnja temperatura vazduha bi\u0107e oko 12, a najvi\u0161a dnevna do 20 stepeni.<\/p>\n<p><a href=\"http:\/\/www.meteo.co.me\/misc.php?text=121&amp;sektor=1&amp;grad=ZAB\">Prognoza za ostale gradove.<\/a><\/p>\n","protected":false},"excerpt":{"rendered":"<p>Priijepodne \u0107e mjestimi\u010dno biti ki\u0161e ili pljuska sa grmljavinom, uglavnom, u jugozapadnim i zapadnim djelovima Crne Gore<\/p>\n","protected":false},"author":1,"featured_media":0,"comment_status":"open","ping_status":"closed","sticky":false,"template":"","format":"standard","meta":{"_seopress_robots_primary_cat":"","_seopress_titles_title":"","_seopress_titles_desc":"","_seopress_robots_index":"","_et_pb_use_builder":"","_et_pb_old_content":"","_et_gb_content_width":"","inline_featured_image":false,"footnotes":""},"categories":[14,12],"tags":[],"class_list":["post-263120","post","type-post","status-publish","format-standard","hentry","category-vijesti","category-prica-dana"],"_links":{"self":[{"href":"https:\/\/www.pcnen.com\/portal\/wp-json\/wp\/v2\/posts\/263120","targetHints":{"allow":["GET"]}}],"collection":[{"href":"https:\/\/www.pcnen.com\/portal\/wp-json\/wp\/v2\/posts"}],"about":[{"href":"https:\/\/www.pcnen.com\/portal\/wp-json\/wp\/v2\/types\/post"}],"author":[{"embeddable":true,"href":"https:\/\/www.pcnen.com\/portal\/wp-json\/wp\/v2\/users\/1"}],"replies":[{"embeddable":true,"href":"https:\/\/www.pcnen.com\/portal\/wp-json\/wp\/v2\/comments?post=263120"}],"version-history":[{"count":0,"href":"https:\/\/www.pcnen.com\/portal\/wp-json\/wp\/v2\/posts\/263120\/revisions"}],"wp:attachment":[{"href":"https:\/\/www.pcnen.com\/portal\/wp-json\/wp\/v2\/media?parent=263120"}],"wp:term":[{"taxonomy":"category","embeddable":true,"href":"https:\/\/www.pcnen.com\/portal\/wp-json\/wp\/v2\/categories?post=263120"},{"taxonomy":"post_tag","embeddable":true,"href":"https:\/\/www.pcnen.com\/portal\/wp-json\/wp\/v2\/tags?post=263120"}],"curies":[{"name":"wp","href":"https:\/\/api.w.org\/{rel}","templated":true}]}}