{"id":263099,"date":"2019-03-18T12:06:21","date_gmt":"2019-03-18T11:06:21","guid":{"rendered":"http:\/\/www.pcnen.com\/portal\/?p=263099"},"modified":"2019-03-18T13:04:33","modified_gmt":"2019-03-18T12:04:33","slug":"aem-od-danas-neprikladni-sadrzaji-samo-uz-pin","status":"publish","type":"post","link":"https:\/\/www.pcnen.com\/portal\/2019\/03\/18\/aem-od-danas-neprikladni-sadrzaji-samo-uz-pin\/","title":{"rendered":"AEM: Od danas neprikladni sadr\u017eaji samo uz PIN"},"content":{"rendered":"<p><img loading=\"lazy\" decoding=\"async\" src=\"http:\/\/www.pcnen.com\/portal\/wp-content\/uploads\/2017\/09\/aem-300x147.jpg\" alt=\"\" width=\"300\" height=\"147\" class=\"alignleft size-medium wp-image-232454\" \/>Operatori medija u Crnoj Gori od danas su du\u017eni da za programske sadr\u017eaje koji mogu \u0161tetiti fizi\u010dkom, mentalnom ili moralnom razvoju maloljetnika, u periodu od 6 do 23 sata, aktiviraju mjere roditeljske kontrole, odnosno uvedu obavezno pinovanje tih sadr\u017eaja, <a href=\"http:\/\/aemcg.org\/wp-content\/uploads\/2019\/03\/Saop%C5%A1tenje-povodom-po%C4%8Detka-primjene-mjera-za-za%C5%A1titu-maloljetnika.pdf\" rel=\"noopener\" target=\"_blank\">saop\u0161tila je Agencija za elektronske medije.<\/a><\/p>\n<p>\u201cUkoliko ne budu adekvatno ispunjavali ovu obavezu, operatori \u0107e morati da, u periodu od 06 do 23 sata, pinuju cijeli TV program, a ne samo programske sadr\u017eaje\u201d, poru\u010duju iz AEM.<\/p>\n<p>Mjere se odnose isklju\u010divo na programe koji se distribuiraju u osnovnom paketu.<\/p>\n","protected":false},"excerpt":{"rendered":"<p>Operatori medija u Crnoj Gori od danas su du\u017eni da za programske sadr\u017eaje koji mogu \u0161tetiti fizi\u010dkom, mentalnom ili moralnom razvoju maloljetnika, u periodu od 6 do 23 sata, aktiviraju mjere roditeljske kontrole, odnosno uvedu obavezno pinovanje tih sadr\u017eaja, saop\u0161tila je Agencija za elektronske medije. \u201cUkoliko ne budu adekvatno ispunjavali ovu obavezu, operatori \u0107e morati [&hellip;]<\/p>\n","protected":false},"author":1,"featured_media":0,"comment_status":"open","ping_status":"closed","sticky":false,"template":"","format":"standard","meta":{"_seopress_robots_primary_cat":"","_seopress_titles_title":"","_seopress_titles_desc":"","_seopress_robots_index":"","_et_pb_use_builder":"","_et_pb_old_content":"","_et_gb_content_width":"","inline_featured_image":false,"footnotes":""},"categories":[14,12],"tags":[],"class_list":["post-263099","post","type-post","status-publish","format-standard","hentry","category-vijesti","category-prica-dana"],"_links":{"self":[{"href":"https:\/\/www.pcnen.com\/portal\/wp-json\/wp\/v2\/posts\/263099","targetHints":{"allow":["GET"]}}],"collection":[{"href":"https:\/\/www.pcnen.com\/portal\/wp-json\/wp\/v2\/posts"}],"about":[{"href":"https:\/\/www.pcnen.com\/portal\/wp-json\/wp\/v2\/types\/post"}],"author":[{"embeddable":true,"href":"https:\/\/www.pcnen.com\/portal\/wp-json\/wp\/v2\/users\/1"}],"replies":[{"embeddable":true,"href":"https:\/\/www.pcnen.com\/portal\/wp-json\/wp\/v2\/comments?post=263099"}],"version-history":[{"count":0,"href":"https:\/\/www.pcnen.com\/portal\/wp-json\/wp\/v2\/posts\/263099\/revisions"}],"wp:attachment":[{"href":"https:\/\/www.pcnen.com\/portal\/wp-json\/wp\/v2\/media?parent=263099"}],"wp:term":[{"taxonomy":"category","embeddable":true,"href":"https:\/\/www.pcnen.com\/portal\/wp-json\/wp\/v2\/categories?post=263099"},{"taxonomy":"post_tag","embeddable":true,"href":"https:\/\/www.pcnen.com\/portal\/wp-json\/wp\/v2\/tags?post=263099"}],"curies":[{"name":"wp","href":"https:\/\/api.w.org\/{rel}","templated":true}]}}