{"id":263076,"date":"2019-03-17T22:28:13","date_gmt":"2019-03-17T21:28:13","guid":{"rendered":"http:\/\/www.pcnen.com\/portal\/?p=263076"},"modified":"2019-03-17T22:36:06","modified_gmt":"2019-03-17T21:36:06","slug":"nedodirljivi","status":"publish","type":"post","link":"https:\/\/www.pcnen.com\/portal\/2019\/03\/17\/nedodirljivi\/","title":{"rendered":"Nedodirljivi"},"content":{"rendered":"<p>Dokumentarac je rezultat dvogodi\u0161njeg istra\u017eivanja a gledaoce vra\u0107a na Kosovo u 1999. godinu, gdje su srpski vojnici ubili blizu 120 kosovskih Albanaca u selima Ljubeni\u0107, \u0106u\u0161ka, Pavljan i Zaha\u010d. Njihova tijela su spaljena i skrivena, a neka su 2001. godine prona\u0111ena u masovnoj grobnici kod policijskog centra u Batajnici kod Beograda. Za zlo\u010dine po\u010dinjene u tim selima, sudi se jedanaestorici biv\u0161ih srpskih boraca pred Vi\u0161im sudom u Beogradu. U februaru pro\u0161le godine, devet ih je osu\u0111eno na ukupno 106 godina zatvora, ali je Apelacijski sud tu presudu poni\u0161tio i vratio su\u0111enje na po\u010detak.<\/p>\n","protected":false},"excerpt":{"rendered":"<p>Dokumentarac je rezultat dvogodi\u0161njeg istra\u017eivanja a gledaoce vra\u0107a na Kosovo u 1999. godinu, gdje su srpski vojnici ubili blizu 120 kosovskih Albanaca u selima Ljubeni\u0107, \u0106u\u0161ka, Pavljan i Zaha\u010d. Njihova tijela su spaljena i skrivena, a neka su 2001. godine prona\u0111ena u masovnoj grobnici kod policijskog centra u Batajnici kod Beograda. Za zlo\u010dine po\u010dinjene u [&hellip;]<\/p>\n","protected":false},"author":1,"featured_media":0,"comment_status":"open","ping_status":"closed","sticky":false,"template":"","format":"standard","meta":{"_seopress_robots_primary_cat":"","_seopress_titles_title":"","_seopress_titles_desc":"","_seopress_robots_index":"","_et_pb_use_builder":"","_et_pb_old_content":"","_et_gb_content_width":"","inline_featured_image":false,"footnotes":""},"categories":[13],"tags":[],"class_list":["post-263076","post","type-post","status-publish","format-standard","hentry","category-video"],"_links":{"self":[{"href":"https:\/\/www.pcnen.com\/portal\/wp-json\/wp\/v2\/posts\/263076","targetHints":{"allow":["GET"]}}],"collection":[{"href":"https:\/\/www.pcnen.com\/portal\/wp-json\/wp\/v2\/posts"}],"about":[{"href":"https:\/\/www.pcnen.com\/portal\/wp-json\/wp\/v2\/types\/post"}],"author":[{"embeddable":true,"href":"https:\/\/www.pcnen.com\/portal\/wp-json\/wp\/v2\/users\/1"}],"replies":[{"embeddable":true,"href":"https:\/\/www.pcnen.com\/portal\/wp-json\/wp\/v2\/comments?post=263076"}],"version-history":[{"count":0,"href":"https:\/\/www.pcnen.com\/portal\/wp-json\/wp\/v2\/posts\/263076\/revisions"}],"wp:attachment":[{"href":"https:\/\/www.pcnen.com\/portal\/wp-json\/wp\/v2\/media?parent=263076"}],"wp:term":[{"taxonomy":"category","embeddable":true,"href":"https:\/\/www.pcnen.com\/portal\/wp-json\/wp\/v2\/categories?post=263076"},{"taxonomy":"post_tag","embeddable":true,"href":"https:\/\/www.pcnen.com\/portal\/wp-json\/wp\/v2\/tags?post=263076"}],"curies":[{"name":"wp","href":"https:\/\/api.w.org\/{rel}","templated":true}]}}