{"id":263063,"date":"2019-03-17T17:38:50","date_gmt":"2019-03-17T16:38:50","guid":{"rendered":"http:\/\/www.pcnen.com\/portal\/?p=263063"},"modified":"2019-03-17T21:59:12","modified_gmt":"2019-03-17T20:59:12","slug":"kulturno-filmska-noc-ispred-skupstine-crne-gore","status":"publish","type":"post","link":"https:\/\/www.pcnen.com\/portal\/2019\/03\/17\/kulturno-filmska-noc-ispred-skupstine-crne-gore\/","title":{"rendered":"Kulturno-filmska no\u0107 ispred Skup\u0161tine Crne Gore"},"content":{"rendered":"<p><img loading=\"lazy\" decoding=\"async\" class=\"alignleft size-medium wp-image-263064\" src=\"http:\/\/www.pcnen.com\/portal\/wp-content\/uploads\/2019\/03\/Studentska-inicijativa-300x175.jpg\" alt=\"\" width=\"300\" height=\"175\" srcset=\"https:\/\/www.pcnen.com\/portal\/wp-content\/uploads\/2019\/03\/Studentska-inicijativa.jpg 300w, https:\/\/www.pcnen.com\/portal\/wp-content\/uploads\/2019\/03\/Studentska-inicijativa-235x137.jpg 235w, https:\/\/www.pcnen.com\/portal\/wp-content\/uploads\/2019\/03\/Studentska-inicijativa-75x44.jpg 75w, https:\/\/www.pcnen.com\/portal\/wp-content\/uploads\/2019\/03\/Studentska-inicijativa-220x128.jpg 220w\" sizes=\"(max-width: 300px) 100vw, 300px\" \/>Studentska inicijativa Crne Gore je pozvala sve mlade ljude da im se pridru\u017ee ve\u010deras u 20 sati ispred zgrade Skup\u0161tine Crne Gore u Podgorici, gdje \u0107e se odr\u017eati <a href=\"https:\/\/www.facebook.com\/zdravotkivo\/?__tn__=kC-R&amp;eid=ARBZnCD9u4bQjV7kcOWFEi_c51FOO0vu9LOBJlOUf7QP2sJJvytfF1WU4OdaKOs-9qMuWh3PY_619uOT&amp;hc_ref=ARS3ZtxcN0k5jcdF7QdChMxZYYrPTVESqnLEs4ITu2xTxIOGlTMEvBJ7IW4OH6MTlsY&amp;__xts__[0]=68.ARCDxwXtL5muFRxuSkmucmQeDk2-ma_QquVTNarlki4TG0N9UnZx1syH-zGUalcOiHreKheOeo-ODIV471pCG_ISdLQjC8d_x8mAEWP5AsBmJLqDmT8Uwhezw9pXg9gOq2QeIqkDDfJIu4fIS_gfRPQGxaYkxPV1A6ZW6O1o3UgmMe7rCBx3P0AbL-tr4yuiTRmPk94h83ilg3CUTB4gyaC8MZX9G6z2O-u1W34m4xlPDYRp0la4hVWEAzw42eNTetpLr4ZsCp9aDqbOBSSc4ntNKsFfLT1kl-HKbls2g94M6XjIr3tPOplp7k4FTdgBV5FzVRrd35rvdi0Akcmxl3_LyrYmi-KllHY\" target=\"_blank\" rel=\"noopener\">kulturno-filmska no\u0107.<\/a><\/p>\n<p>Mladi ljudi \u0107e imati priliku da se na ulici edukuju i razmjenjuju mi\u0161ljenja o trenutnoj dru\u0161tvenoj situaciji.<\/p>\n<p>Organizatori su poru\u010dili mladima da ponesu rekvizite za dru\u017eenje (gitare, tarabuke, dru\u0161tvene igre, \u0161ah&#8230;), i potrebno za boravak na ulici (\u0107ebad, prostirke&#8230;).<\/p>\n<p>Oduprimo se kulturom! poru\u010dila je Studentska inicijativa.<\/p>\n","protected":false},"excerpt":{"rendered":"<p>Oduprimo se kulturom! poru\u010dila je Studentska inicijativa CG, organizator doga\u0111aja<\/p>\n","protected":false},"author":1,"featured_media":263064,"comment_status":"open","ping_status":"closed","sticky":false,"template":"","format":"standard","meta":{"_seopress_robots_primary_cat":"","_seopress_titles_title":"","_seopress_titles_desc":"","_seopress_robots_index":"","_et_pb_use_builder":"","_et_pb_old_content":"","_et_gb_content_width":"","inline_featured_image":false,"footnotes":""},"categories":[14,12],"tags":[],"class_list":["post-263063","post","type-post","status-publish","format-standard","has-post-thumbnail","hentry","category-vijesti","category-prica-dana"],"_links":{"self":[{"href":"https:\/\/www.pcnen.com\/portal\/wp-json\/wp\/v2\/posts\/263063","targetHints":{"allow":["GET"]}}],"collection":[{"href":"https:\/\/www.pcnen.com\/portal\/wp-json\/wp\/v2\/posts"}],"about":[{"href":"https:\/\/www.pcnen.com\/portal\/wp-json\/wp\/v2\/types\/post"}],"author":[{"embeddable":true,"href":"https:\/\/www.pcnen.com\/portal\/wp-json\/wp\/v2\/users\/1"}],"replies":[{"embeddable":true,"href":"https:\/\/www.pcnen.com\/portal\/wp-json\/wp\/v2\/comments?post=263063"}],"version-history":[{"count":0,"href":"https:\/\/www.pcnen.com\/portal\/wp-json\/wp\/v2\/posts\/263063\/revisions"}],"wp:featuredmedia":[{"embeddable":true,"href":"https:\/\/www.pcnen.com\/portal\/wp-json\/wp\/v2\/media\/263064"}],"wp:attachment":[{"href":"https:\/\/www.pcnen.com\/portal\/wp-json\/wp\/v2\/media?parent=263063"}],"wp:term":[{"taxonomy":"category","embeddable":true,"href":"https:\/\/www.pcnen.com\/portal\/wp-json\/wp\/v2\/categories?post=263063"},{"taxonomy":"post_tag","embeddable":true,"href":"https:\/\/www.pcnen.com\/portal\/wp-json\/wp\/v2\/tags?post=263063"}],"curies":[{"name":"wp","href":"https:\/\/api.w.org\/{rel}","templated":true}]}}