{"id":263041,"date":"2019-03-17T07:35:28","date_gmt":"2019-03-17T06:35:28","guid":{"rendered":"http:\/\/www.pcnen.com\/portal\/?p=263041"},"modified":"2019-03-17T07:35:28","modified_gmt":"2019-03-17T06:35:28","slug":"strasan-ciklon-harao-na-jugoistoku-afrike","status":"publish","type":"post","link":"https:\/\/www.pcnen.com\/portal\/2019\/03\/17\/strasan-ciklon-harao-na-jugoistoku-afrike\/","title":{"rendered":"Stra\u0161an ciklon harao na jugoistoku Afrike"},"content":{"rendered":"<p>Afri\u010dke dr\u017eave Mozambik, Zimbabve i Malavi pogodio je ciklon koji je odnio vi\u0161e od 140 \u017eivota, a na stotine ljudi se smatra nestalima, dok je vi\u0161e hiljada odsje\u010deno od svijeta, uglavnom u ruralnim podru\u010djima.<\/p>\n<p><iframe loading=\"lazy\" title=\"Cyclone Idai hitting Beira Mozambique\" width=\"1080\" height=\"608\" src=\"https:\/\/www.youtube.com\/embed\/kywPJb6SX-k?feature=oembed\" frameborder=\"0\" allow=\"accelerometer; autoplay; clipboard-write; encrypted-media; gyroscope; picture-in-picture; web-share\" allowfullscreen><\/iframe><\/p>\n<p>Zvani\u010dnici vlada ovih zemalja i UN saop\u0161tili su da je ciklonom &#8216;Idaj&#8217; pogo\u0111eno vi\u0161e od 1,5 miliona ljudi u ove tri dr\u017eave, prenose agencije.<\/p>\n<p>Najvec\u0301i udar pretrpio je lu\u010dki grad Bejra u Mozambiku.<\/p>\n<p>U oluji je uni\u0161ten veliki broj kuc\u0301a, \u0161kola, bolnica, poslovnih prostora i policijskih stanica.<\/p>\n<p>https:\/\/youtube.com\/watch?v=I61cj1-QM1A<\/p>\n","protected":false},"excerpt":{"rendered":"<p>Ciklon  odnio vi\u0161e od 140 \u017eivota, a na stotine ljudi se smatra nestalima<\/p>\n","protected":false},"author":1,"featured_media":0,"comment_status":"open","ping_status":"closed","sticky":false,"template":"","format":"standard","meta":{"_seopress_robots_primary_cat":"","_seopress_titles_title":"","_seopress_titles_desc":"","_seopress_robots_index":"","_et_pb_use_builder":"","_et_pb_old_content":"","_et_gb_content_width":"","inline_featured_image":false,"footnotes":""},"categories":[14,12],"tags":[],"class_list":["post-263041","post","type-post","status-publish","format-standard","hentry","category-vijesti","category-prica-dana"],"_links":{"self":[{"href":"https:\/\/www.pcnen.com\/portal\/wp-json\/wp\/v2\/posts\/263041","targetHints":{"allow":["GET"]}}],"collection":[{"href":"https:\/\/www.pcnen.com\/portal\/wp-json\/wp\/v2\/posts"}],"about":[{"href":"https:\/\/www.pcnen.com\/portal\/wp-json\/wp\/v2\/types\/post"}],"author":[{"embeddable":true,"href":"https:\/\/www.pcnen.com\/portal\/wp-json\/wp\/v2\/users\/1"}],"replies":[{"embeddable":true,"href":"https:\/\/www.pcnen.com\/portal\/wp-json\/wp\/v2\/comments?post=263041"}],"version-history":[{"count":0,"href":"https:\/\/www.pcnen.com\/portal\/wp-json\/wp\/v2\/posts\/263041\/revisions"}],"wp:attachment":[{"href":"https:\/\/www.pcnen.com\/portal\/wp-json\/wp\/v2\/media?parent=263041"}],"wp:term":[{"taxonomy":"category","embeddable":true,"href":"https:\/\/www.pcnen.com\/portal\/wp-json\/wp\/v2\/categories?post=263041"},{"taxonomy":"post_tag","embeddable":true,"href":"https:\/\/www.pcnen.com\/portal\/wp-json\/wp\/v2\/tags?post=263041"}],"curies":[{"name":"wp","href":"https:\/\/api.w.org\/{rel}","templated":true}]}}