{"id":263029,"date":"2019-03-17T07:00:58","date_gmt":"2019-03-17T06:00:58","guid":{"rendered":"http:\/\/www.pcnen.com\/portal\/?p=263029"},"modified":"2019-03-16T23:37:23","modified_gmt":"2019-03-16T22:37:23","slug":"dragi-austrijanci-zaboravili-su-vam-reci","status":"publish","type":"post","link":"https:\/\/www.pcnen.com\/portal\/2019\/03\/17\/dragi-austrijanci-zaboravili-su-vam-reci\/","title":{"rendered":"Dragi Austrijanci, zaboravili su vam re\u0107i"},"content":{"rendered":"<p><strong><img loading=\"lazy\" decoding=\"async\" class=\"alignleft size-medium wp-image-252498\" src=\"http:\/\/www.pcnen.com\/portal\/wp-content\/uploads\/2018\/08\/Jasenovac-djeca-300x218.jpg\" alt=\"\" width=\"300\" height=\"218\" \/>Pi\u0161e: Ante Pavi\u0107<\/strong><\/p>\n<p>Po\u0161tovane austrijske kolegice i kolege, drage novinarke i novinari iz Austrije,<\/p>\n<p>\u010dujem da vam je hrvatsko Ministarstvo vanjskih poslova poku\u0161alo nasapunati usta nekakvim priop\u0107enjem u kojem vam poku\u0161ava objasniti da svi vi koji ste u posljednje vrijeme spomenuli Hrvatsku, nemate pojma o \u010demu pi\u0161ete.<\/p>\n<p>Sumnjam da \u0107e ve\u0107i broj vas pro\u010ditati \u0161to vam je nadrobila hrvatska Vlada, ali priop\u0107enje ionako nije bilo namijenjeno vama, nego prije svega nama. Ali ako se pitate kakva je to Vlada koja se obra\u010dunava s novinarima na ovaj na\u010din, morate znati da su u pitanju ba\u0161tinici politike koja je ne tako davno upregla obavje\u0161tajni i represivni aparat kako bi ih prislu\u0161kivala, a nekima je prijetila i ubojstvom. Danas ih gu\u0161i malo rafiniranijim metodama pa ih iscrpljuje financijski i sudskim tu\u017ebama.<\/p>\n<p>Dopustite da mimo osnovnog novinarskog pravila prvo potanko objasnim genezu nesporazuma, prije nego \u0161to otkrijem \u0161to nam je hrvatska Vlada zapravo htjela poru\u010diti.<\/p>\n<p>Prije svega, morate znati da je Hrvatska prva dr\u017eava na tlu Europske unije koja je izravno i slu\u017ebeno priznala da je nacizam u korijenima njezine samostalnosti i dr\u017eavnosti.<\/p>\n<p>Ne vjerujete?<\/p>\n<p>U Hrvatskoj imate ulice koje nose imena ljudi koji su potpisali rasne zakone u nacisti\u010dkoj paradr\u017eavi. Hrvatska ina\u010dica pozdrava &#8220;Sieg Heil&#8221; sudski je priznata kao slu\u017ebeni pozdrav dijelova hrvatskih oru\u017eanih snaga koje su se borile u posljednjem, Domovinskom ratu. A s obzirom na to da slu\u017ebena politika tvrdi da je Hrvatska stvorena ba\u0161 u tom ratu, time je i slu\u017ebeno priznala da se korijeni hrvatske samostalnosti nalaze u nacisti\u010dkoj misli i djelu. Biv\u0161i splitski gradona\u010delnik slu\u017ebeno je otkrio spomenik vojnoj postrojbi koja nosi ime lokalnog nacisti\u010dkog vo\u0111e iz Drugog svjetskog rata, a koja se po\u010detkom 1990-ih &#8220;proslavila&#8221; izbacivanjem osoba druge nacionalnosti iz njihovih stanova. Zapovjednik te strana\u010dke vojske danas ponosno nosi br\u010di\u0107e po uzoru na va\u0161eg sunarodnjaka ro\u0111enog u Braunau am Innu 1889. godine.<\/p>\n<p>Da ne spominjem kako je ovaj lokalni &#8220;Sieg Heil&#8221; donedavno ponosno stajao na ulazu u memorijalni centar najve\u0107eg nacisti\u010dkog koncentracijskog logora na tlu Hrvatske. Dr\u017eavne vlasti uredno financiraju istra\u017eivanja kojima je cilj taj logor u kojima su ubijeni deseci tisu\u0107a ljudi prikazati gotovo kao ljetovali\u0161te, a javna televizija, koja je oduvijek slijedila dr\u017eavni smjer, uredno u goste poziva negatore nacisti\u010dkih zlo\u010dina.<\/p>\n<p>Predsjednica te i takve Hrvatske rado se dru\u017ei s likom koji ima vlastiti show na televiziji, a poznat je po svojem poziranju u nacisti\u010dkoj uniformi. On je jedan od glavnih propagatora nacisti\u010dkog okupljanja u va\u0161oj zemlji i donedavno je slovio kao zagovornik na\u0161e di\u010dne predsjednice, koja je njegove usluge sa zadovoljstvom prihvatila, ali ni to nije toliko va\u017eno u ovom slu\u010daju. Va\u017eno je da je sud u Hrvatskoj njega, takvog kakav jest, proglasio uglednim novinarom.<\/p>\n<p>Shva\u0107ate li sad u kojem pravcu ovo kre\u0107e?<\/p>\n<p>U Hrvatskoj, naime, vrlo lako dobijete po tintari ako kritizirate nacisti\u010dku paradr\u017eavu iz 40-ih godina pro\u0161log stolje\u0107a. Po antifa\u0161isti\u010dkim partizanskim snagama mo\u017eete pljuvati do mile volje. Zato vas Vlada posprdno upozorava na &#8220;Titove snage&#8221;, iako je rije\u010d o legalnim vojnim snagama Hrvatske zahvaljuju\u0107i kojima je i sama Hrvatska bila \u010dlanica antifa\u0161isti\u010dke koalicije.<\/p>\n<p>Dana\u0161nje vlasti se bez ustru\u010davanja udaljavaju od antifa\u0161izma. Predstavnici vlasti u Hrvatskoj ne \u017eele sudjelovati ni financirati spomene na antifa\u0161isti\u010dke bitke, ali su zato spremni financirati i boriti se za pravo na &#8220;najve\u0107e okupljanje neonacista u EU&#8221;, kako su rekli da ste opisali okupljanje u Bleiburgu, makar se posvadili sa svima.<\/p>\n<p>Vi imate sre\u0107e, kod vas je okupljanje na\u0161ih neonacista jednom godi\u0161nje, a kod nas svakoga dana, svih 365 puta u godini.<\/p>\n<p>I mogli bismo tako nabrajati primjere, kao \u0161to je odbijanje predstavnika \u017didova i Srba da u istom dru\u0161tvu s predstavnicima Vlade sudjeluju u komemoraciji \u017ertava nacisti\u010dkog genocida jer smatraju da dr\u017eavna politika poti\u010de neonacisti\u010dko bujanje, ali ne \u017eelim vi\u0161e duljiti.<\/p>\n<p>Nadam se da ste do sada uspjeli shvatiti \u0161to je bit i \u0161to zapravo mori hrvatsku Vladu, ali to te\u0161ko artikulira.<\/p>\n<p>U pitanju je bijes vlasti \u0161to ste okupljanje na Bleiburgu sasvim neto\u010dno nazvali &#8220;najve\u0107e okupljanje neonacista u EU&#8221;. Na\u0161e vlasti zapravo vam \u017eele poru\u010diti da je najve\u0107e okupljanje neonacista u EU ne\u0161to ju\u017enije, u dr\u017eavi koja se danas zove Hrvatska.<\/p>\n<p>I zato, kad god vam neki slu\u017ebeni predstavnik Hrvatske do\u0111e u posjet, budite slobodni svaki put ih upitati za njihovu ljubav prema nacizmu, a predstavnike austrijskih vlasti priupitajte \u0161to im treba slu\u017ebeno \u010davrljati s nacisti\u010dkim simpatizerima kad im Hrvati do\u0111u u posjet.<\/p>\n<p>Vidite, Hrvatska nije tako mnogo udaljena od Austrije, a ni tridesete godine pro\u0161log stolje\u0107a nisu daleko kao \u0161to se \u010dini. Ima u Hrvatskoj jo\u0161 uvijek dovoljno ljudi koji preziru nacizam, ali nas je sve manje. Za nas je ve\u0107 kasno, ali vi jo\u0161 imate \u0161anse. Gotovo tri desetlje\u0107a pranja mozgova urodilo je plodom i nove generacije Hrvata koji dolaze kod vas ne\u0107e samo prati posu\u0111e ili kopati kanale. Nove generacije koje je odgojila ova vlast po\u010det \u0107e se okupljati u va\u0161im pivnicama i \u010davrljati s va\u0161im nacistima. Nakon toga vas vi\u0161e ne\u0107e upozoravati priop\u0107enjima, nego deportacijama i plinskim komorama.<\/p>\n<p>Vidite, Hrvatska nije tako mnogo udaljena od Austrije, a ni tridesete godine pro\u0161log stolje\u0107a nisu daleko kao \u0161to se \u010dini. Ima u Hrvatskoj jo\u0161 uvijek dovoljno ljudi koji preziru nacizam, ali nas je sve manje. Za nas je ve\u0107 kasno, ali vi jo\u0161 imate \u0161anse<\/p>\n<p>Vidite, Hrvatska nije tako mnogo udaljena od Austrije, a ni tridesete godine pro\u0161log stolje\u0107a nisu daleko kao \u0161to se \u010dini. Ima u Hrvatskoj jo\u0161 uvijek dovoljno ljudi koji preziru nacizam, ali nas je sve manje. Za nas je ve\u0107 kasno, ali vi jo\u0161 imate \u0161anse. Gotovo tri desetlje\u0107a pranja mozgova urodilo je plodom i nove generacije Hrvata koji dolaze kod vas ne\u0107e samo prati posu\u0111e ili kopati kanale. Nove generacije koje je odgojila ova vlast po\u010det \u0107e se okupljati u va\u0161im pivnicama i \u010davrljati s va\u0161im nacistima. Nakon toga vas vi\u0161e ne\u0107e upozoravati priop\u0107enjima, nego deportacijama i plinskim komorama.<\/p>\n<p><a href=\"http:\/\/www.forum.tm\/vijesti\/dragi-austrijanci-zaboravili-su-vam-reci-da-je-hrvatska-prva-u-eu-priznala-nacizam-u\">Forum<\/a><\/p>\n","protected":false},"excerpt":{"rendered":"<p>Hrvatska je prva u EU priznala nacizam u korijenu dr\u017eavnosti<\/p>\n","protected":false},"author":1,"featured_media":0,"comment_status":"open","ping_status":"closed","sticky":false,"template":"","format":"standard","meta":{"_seopress_robots_primary_cat":"","_seopress_titles_title":"","_seopress_titles_desc":"","_seopress_robots_index":"","_et_pb_use_builder":"","_et_pb_old_content":"","_et_gb_content_width":"","inline_featured_image":false,"footnotes":""},"categories":[5],"tags":[],"class_list":["post-263029","post","type-post","status-publish","format-standard","hentry","category-drugi-pisu"],"_links":{"self":[{"href":"https:\/\/www.pcnen.com\/portal\/wp-json\/wp\/v2\/posts\/263029","targetHints":{"allow":["GET"]}}],"collection":[{"href":"https:\/\/www.pcnen.com\/portal\/wp-json\/wp\/v2\/posts"}],"about":[{"href":"https:\/\/www.pcnen.com\/portal\/wp-json\/wp\/v2\/types\/post"}],"author":[{"embeddable":true,"href":"https:\/\/www.pcnen.com\/portal\/wp-json\/wp\/v2\/users\/1"}],"replies":[{"embeddable":true,"href":"https:\/\/www.pcnen.com\/portal\/wp-json\/wp\/v2\/comments?post=263029"}],"version-history":[{"count":0,"href":"https:\/\/www.pcnen.com\/portal\/wp-json\/wp\/v2\/posts\/263029\/revisions"}],"wp:attachment":[{"href":"https:\/\/www.pcnen.com\/portal\/wp-json\/wp\/v2\/media?parent=263029"}],"wp:term":[{"taxonomy":"category","embeddable":true,"href":"https:\/\/www.pcnen.com\/portal\/wp-json\/wp\/v2\/categories?post=263029"},{"taxonomy":"post_tag","embeddable":true,"href":"https:\/\/www.pcnen.com\/portal\/wp-json\/wp\/v2\/tags?post=263029"}],"curies":[{"name":"wp","href":"https:\/\/api.w.org\/{rel}","templated":true}]}}